{"id":1891,"date":"2020-05-21T10:20:56","date_gmt":"2020-05-21T07:20:56","guid":{"rendered":"https:\/\/portcultural.usv.ro\/?p=1891"},"modified":"2020-05-21T10:22:40","modified_gmt":"2020-05-21T07:22:40","slug":"1891-2","status":"publish","type":"post","link":"https:\/\/portcultural.usv.ro\/en\/1891-2\/","title":{"rendered":"Proiectul PORT Cultural \u00ee\u0219i extinde perioada de implementare"},"content":{"rendered":"<p><span style=\"font-weight: 400;\">Proiectul <\/span><i><span style=\"font-weight: 400;\">\u201dPORT Cultural:<\/span><\/i> <i><span style=\"font-weight: 400;\">PORTofoliu de instrumente inovative pentru dezvoltarea durabil\u0103 a comunit\u0103\u021bilor rurale cu poten\u021bial turistic,<\/span><\/i> <i><span style=\"font-weight: 400;\">prin valorificarea elementelor de patrimoniu \u0219i identitate cultural\u0103\u201d<\/span><\/i><span style=\"font-weight: 400;\">, implementat de Universitatea \u201e\u0218tefan cel Mare\u201d din Suceava (USV)<\/span> <span style=\"font-weight: 400;\">pentru<\/span> <span style=\"font-weight: 400;\">perioada aprilie 2018 \u2013 septembrie 2020, \u00ee\u0219i extinde perioada de implementare cu \u00eenc\u0103 un an, respectiv p\u00e2n\u0103 \u00een septembrie 2021. Proiectul este finan\u021bat de c\u0103tre Unitatea Executiv\u0103 pentru Finan\u021barea \u00cenv\u0103\u021b\u0103m\u00e2ntului Superior, a Cercet\u0103rii, Dezvolt\u0103rii \u0219i Inov\u0103rii (UEFISCDI).<\/span><\/p>\n<p><a href=\"https:\/\/portcultural.usv.ro\/wp-content\/uploads\/2020.04_Comunicat-presa-PORT.pdf\">Detalii<\/a><\/p>","protected":false},"excerpt":{"rendered":"<p>Proiectul \u201dPORT Cultural: PORTofoliu de instrumente inovative pentru dezvoltarea durabil\u0103 a comunit\u0103\u021bilor rurale cu poten\u021bial turistic, prin valorificarea elementelor de patrimoniu \u0219i identitate cultural\u0103\u201d, implementat de Universitatea \u201e\u0218tefan cel Mare\u201d din Suceava (USV) pentru perioada aprilie 2018 \u2013 septembrie 2020, \u00ee\u0219i extinde perioada de implementare cu \u00eenc\u0103 un an, respectiv p\u00e2n\u0103 \u00een septembrie 2021. Proiectul &hellip;<\/p>\n<p class=\"read-more\"> <a class=\"\" href=\"https:\/\/portcultural.usv.ro\/en\/1891-2\/\"> <span class=\"screen-reader-text\">Proiectul PORT Cultural \u00ee\u0219i extinde perioada de implementare<\/span> Read More &raquo;<\/a><\/p>","protected":false},"author":2,"featured_media":0,"comment_status":"closed","ping_status":"closed","sticky":false,"template":"","format":"standard","meta":[],"categories":[3],"tags":[],"_links":{"self":[{"href":"https:\/\/portcultural.usv.ro\/en\/wp-json\/wp\/v2\/posts\/1891"}],"collection":[{"href":"https:\/\/portcultural.usv.ro\/en\/wp-json\/wp\/v2\/posts"}],"about":[{"href":"https:\/\/portcultural.usv.ro\/en\/wp-json\/wp\/v2\/types\/post"}],"author":[{"embeddable":true,"href":"https:\/\/portcultural.usv.ro\/en\/wp-json\/wp\/v2\/users\/2"}],"replies":[{"embeddable":true,"href":"https:\/\/portcultural.usv.ro\/en\/wp-json\/wp\/v2\/comments?post=1891"}],"version-history":[{"count":3,"href":"https:\/\/portcultural.usv.ro\/en\/wp-json\/wp\/v2\/posts\/1891\/revisions"}],"predecessor-version":[{"id":1897,"href":"https:\/\/portcultural.usv.ro\/en\/wp-json\/wp\/v2\/posts\/1891\/revisions\/1897"}],"wp:attachment":[{"href":"https:\/\/portcultural.usv.ro\/en\/wp-json\/wp\/v2\/media?parent=1891"}],"wp:term":[{"taxonomy":"category","embeddable":true,"href":"https:\/\/portcultural.usv.ro\/en\/wp-json\/wp\/v2\/categories?post=1891"},{"taxonomy":"post_tag","embeddable":true,"href":"https:\/\/portcultural.usv.ro\/en\/wp-json\/wp\/v2\/tags?post=1891"}],"curies":[{"name":"wp","href":"https:\/\/api.w.org\/{rel}","templated":true}]}}