{"id":2307,"date":"2021-01-06T14:24:53","date_gmt":"2021-01-06T12:24:53","guid":{"rendered":"https:\/\/portcultural.usv.ro\/?p=2307"},"modified":"2021-01-06T14:59:44","modified_gmt":"2021-01-06T12:59:44","slug":"articol-de-presa-patrimoniul-cultural-al-bucovinei-trebuie-protejat-si-dezvoltat","status":"publish","type":"post","link":"https:\/\/portcultural.usv.ro\/en\/articol-de-presa-patrimoniul-cultural-al-bucovinei-trebuie-protejat-si-dezvoltat\/","title":{"rendered":"Articol de pres\u0103 &#8211; Patrimoniul cultural al Bucovinei trebuie protejat \u015fi dezvoltat"},"content":{"rendered":"<p><strong>Patrimoniul cultural al Bucovinei trebuie protejat \u0219i dezvoltat. Ini\u021biative ale grupului local de protejare a peisajului cultural al Bucovinei<\/strong><\/p>\n<p>&nbsp;<\/p>\n<p>Bog\u0103\u021bia patrimonial\u0103 a Bucovinei este valoroas\u0103 \u0219i important\u0103, dar \u00een lipsa unei valorific\u0103ri a atuurilor sale \u0219i \u00een lipsa unei armoniz\u0103ri cu o viziune corect\u0103 de dezvoltare a zonei, risc\u0103 s\u0103 fie pierdut\u0103 pentru totdeauna. Acesta este motivul pentru care \u00een cadrul proiectul\u00a0 <strong>\u201ePORT Cultural\u201d (PORTofoliu de instrumente inovative pentru dezvoltarea durabil\u0103 a comunit\u0103\u021bilor rurale cu poten\u021bial turistic, prin valorificarea elementelor de patrimoniu \u0219i identitate cultural\u0103) <\/strong>implementat de c\u0103tre Universitatea \u201e\u0218tefan cel Mare\u201d Suceava, a avut loc \u00een data de 2 Decembrie 2020 un webinar al grupului local de protejare a peisajului cultural al Bucovinei.<\/p>\n<p>Aceast\u0103 ini\u021biativ\u0103 dore\u0219te s\u0103 fie \u00eenceputul unui \u0219ir de \u00eent\u00e2lniri la care sunt invita\u021bi to\u021bi cei ce iubesc patrimoniul cultural \u0219i satele Bucovinei (grupuri de interes, institu\u021bii publice, organiza\u021bii locale, persoane interesate). Obiectivul grupului local de protejare a peisajului cultural al Bucovinei este acela de a aminti faptul c\u0103 satele Bucovinei pot fi dezvoltate frumos, \u00eembin\u00e2nd modernul cu zestrea bogat\u0103 pe care o avem.<\/p>\n<p>\u00cen cadrul \u00eent\u00e2lnirii au participat speciali\u0219ti \u0219i persoane interesate de protejarea patrimoniului cultural al Bucovinei, ace\u0219tia prezent\u00e2nd diferite puncte de vedere din partea comunit\u0103\u021bii locale, mediului academic \u0219i a administra\u021biei publice locale. Dup\u0103 o incursiune \u00een ini\u021biativele luate p\u00e2n\u0103 \u00een prezent pentru valorificarea patrimoniului cultural, au avut loc o serie de explor\u0103ri cu privire la activit\u0103\u021bile pe care participan\u021bii la grupul de lucru le consider\u0103 necesare a fi luate, c\u00e2t \u0219i aportul pe care ace\u0219tia \u00eel pot aduce \u00een protejarea peisajului cultural al Bucovinei.<\/p>\n<p>Detaliile \u00eent\u00e2lnirii, c\u00e2t \u0219i ini\u021biativele ulterioare vor fi promovate pe pagina web a proiectului (<a href=\"https:\/\/portcultural.usv.ro\/en\/\">http:\/\/portcultural.usv.ro\/<\/a>) \u0219i pe pagina de Facebook aferent\u0103 (<a href=\"https:\/\/www.facebook.com\/portcultural\">Port Cultural<\/a>). \u00cent\u00e2lnirile ulterioare vor fi organizate \u00een prima s\u0103pt\u0103m\u00e2n\u0103 a fiec\u0103rei luni calendaristice, vor cuprinde o sesiune educativ\u0103 \u0219i discutarea problemelor diferitelor comunit\u0103\u021bi din Bucovina. Vor fi, de asemenea, organizate sesiuni gratuite de training \u00een domeniul patrimoniului pentru reprezentan\u021bi ai prim\u0103riilor, pentru agen\u021bi de turism \u0219i persoane interesate de p\u0103strarea caselor tradi\u021bionale din Bucovina.<\/p>\n<p>Proiectul \u201ePORT Cultural: PORTofoliu de instrumente inovative pentru dezvoltarea durabil\u0103 a comunit\u0103\u021bilor rurale cu poten\u021bial turistic, prin valorificarea elementelor de patrimoniu \u0219i identitate cultural\u0103\u201d PN-III-P1-1.2-PCCDI-2017-0884 este implementat de c\u0103tre <strong>Universitatea \u201e\u0218tefan cel Mare\u201d din Suceava<\/strong> \u00een perioada Aprilie 2018 \u2013 Septembrie 2021, fiind finan\u021bat de c\u0103tre Unitatea Executiv\u0103 pentru Finan\u021barea \u00cenv\u0103\u021b\u0103m\u00e2ntului Superior, a Cercet\u0103rii, Dezvolt\u0103rii \u0219i Inov\u0103rii (UEFISCDI). <strong>P<\/strong><strong>arteneri<\/strong> \u00een cadrul proiectului sunt Universitatea Tehnic\u0103 \u201eGheorghe Asachi\u201d din Ia\u015fi, Institutul \u201eBucovina\u201d al Academiei Rom\u00e2ne, Universitatea de Medicin\u0103, Farmacie, \u0218tiin\u021be \u0219i Tehnologie din T\u00e2rgu Mure\u0219, Institutul Na\u021bional de Cercetare-Dezvoltare \u00een Turism \u0219i Institutul de Economie Na\u021bional\u0103.<\/p>\n<p>&nbsp;<\/p>\n<p>Persoana de contact: Prof. univ. dr. Gabriela Prelipcean<\/p>\n<p>Func\u021bie: Director de proiect complex<\/p>\n<p>Tel: +40 230 216 147<\/p>\n<p>Fax: +40 0230 520 080<\/p>\n<p>E-mail: <a href=\"mailto:prelipceang@usm.ro\">prelipceang@usm.ro<\/a> \/ <a href=\"mailto:portcultural@usm.ro\">portcultural@usm.ro<\/a><\/p>\n<p>Adresa: Universitatea \u201e\u0218tefan cel Mare&#8221; din Suceava<\/p>\n<p>Str. Universit\u0103\u021bii 13, 720229 Suceava, Romania<\/p>\n<p><img src=\"https:\/\/oblyo.ro\/wp-content\/uploads\/2019\/04\/Logo-NewsBucovina.ro_.png\" alt=\"Logo-NewsBucovina.ro * Oblyo Digital Agency\" \/><\/p>\n<p><a href=\"https:\/\/www.newsbucovina.ro\/actualitate\/307019\/usv-patrimoniul-cultural-al-bucovinei-trebuie-protejat-si-dezvoltat-initiative-ale-grupului-local-de-protejare-a-peisajului-cultural-al-bucovinei\">NewsBucovina, 18 Decembrie 2020<\/a><\/p>\n<p><img src=\"https:\/\/i.postimg.cc\/C5VC12ww\/logo-crai-nou.jpg\" alt=\"Cotidianul \u201eCrai nou\u201d de la Suceava, la 8000 de edi\u0163ii! \u2013 L.D. Clement\" \/><\/p>\n<p><a href=\"https:\/\/www.crainou.ro\/2020\/12\/23\/patrimoniul-cultural-al-bucovinei-trebuie-protejat-si-dezvoltat\/\">Crai Nou, 23 Decembrie 2020<\/a><\/p>\n<p><img loading=\"lazy\" class=\"\" src=\"https:\/\/usv.ro\/wp-content\/uploads\/2020\/05\/sigla-standard-RGB.jpg\" alt=\"Universitatea \u201e\u0218tefan cel Mare\u201d din Suceava \u2013 Una dintre cele mai dinamice universit\u0103\u021bi din Europa de Est\" width=\"420\" height=\"124\" \/><\/p>\n<p><a href=\"https:\/\/usv.ro\/patrimoniul-cultural-al-bucovinei-trebuie-protejat-si-dezvoltat-initiative-ale-grupului-local-de-protejare-a-peisajului-cultural-al-bucovinei\/\">USV, Decembrie 2020<\/a><\/p>","protected":false},"excerpt":{"rendered":"<p>Patrimoniul cultural al Bucovinei trebuie protejat \u0219i dezvoltat. Ini\u021biative ale grupului local de protejare a peisajului cultural al Bucovinei &nbsp; Bog\u0103\u021bia patrimonial\u0103 a Bucovinei este valoroas\u0103 \u0219i important\u0103, dar \u00een lipsa unei valorific\u0103ri a atuurilor sale \u0219i \u00een lipsa unei armoniz\u0103ri cu o viziune corect\u0103 de dezvoltare a zonei, risc\u0103 s\u0103 fie pierdut\u0103 pentru totdeauna. &hellip;<\/p>\n<p class=\"read-more\"> <a class=\"\" href=\"https:\/\/portcultural.usv.ro\/en\/articol-de-presa-patrimoniul-cultural-al-bucovinei-trebuie-protejat-si-dezvoltat\/\"> <span class=\"screen-reader-text\">Articol de pres\u0103 &#8211; Patrimoniul cultural al Bucovinei trebuie protejat \u015fi dezvoltat<\/span> Read More &raquo;<\/a><\/p>","protected":false},"author":2,"featured_media":2316,"comment_status":"closed","ping_status":"closed","sticky":false,"template":"","format":"standard","meta":[],"categories":[25],"tags":[],"_links":{"self":[{"href":"https:\/\/portcultural.usv.ro\/en\/wp-json\/wp\/v2\/posts\/2307"}],"collection":[{"href":"https:\/\/portcultural.usv.ro\/en\/wp-json\/wp\/v2\/posts"}],"about":[{"href":"https:\/\/portcultural.usv.ro\/en\/wp-json\/wp\/v2\/types\/post"}],"author":[{"embeddable":true,"href":"https:\/\/portcultural.usv.ro\/en\/wp-json\/wp\/v2\/users\/2"}],"replies":[{"embeddable":true,"href":"https:\/\/portcultural.usv.ro\/en\/wp-json\/wp\/v2\/comments?post=2307"}],"version-history":[{"count":10,"href":"https:\/\/portcultural.usv.ro\/en\/wp-json\/wp\/v2\/posts\/2307\/revisions"}],"predecessor-version":[{"id":6084,"href":"https:\/\/portcultural.usv.ro\/en\/wp-json\/wp\/v2\/posts\/2307\/revisions\/6084"}],"wp:featuredmedia":[{"embeddable":true,"href":"https:\/\/portcultural.usv.ro\/en\/wp-json\/wp\/v2\/media\/2316"}],"wp:attachment":[{"href":"https:\/\/portcultural.usv.ro\/en\/wp-json\/wp\/v2\/media?parent=2307"}],"wp:term":[{"taxonomy":"category","embeddable":true,"href":"https:\/\/portcultural.usv.ro\/en\/wp-json\/wp\/v2\/categories?post=2307"},{"taxonomy":"post_tag","embeddable":true,"href":"https:\/\/portcultural.usv.ro\/en\/wp-json\/wp\/v2\/tags?post=2307"}],"curies":[{"name":"wp","href":"https:\/\/api.w.org\/{rel}","templated":true}]}}