{"id":3048,"date":"2021-03-15T06:11:35","date_gmt":"2021-03-15T04:11:35","guid":{"rendered":"https:\/\/portcultural.usv.ro\/?p=3048"},"modified":"2021-04-26T18:38:08","modified_gmt":"2021-04-26T15:38:08","slug":"bucovina-oamenii-patrimoniului","status":"publish","type":"post","link":"https:\/\/portcultural.usv.ro\/en\/bucovina-oamenii-patrimoniului\/","title":{"rendered":"Bucovina.Oamenii patrimoniului"},"content":{"rendered":"<div data-elementor-type=\"wp-post\" data-elementor-id=\"3048\" class=\"elementor elementor-3048\" data-elementor-settings=\"[]\">\n\t\t\t\t\t\t<div class=\"elementor-inner\">\n\t\t\t\t\t\t\t<div class=\"elementor-section-wrap\">\n\t\t\t\t\t\t\t<section class=\"elementor-section elementor-top-section elementor-element elementor-element-ac6de3a elementor-section-full_width elementor-section-stretched elementor-section-height-default elementor-section-height-default\" data-id=\"ac6de3a\" data-element_type=\"section\" data-settings=\"{&quot;stretch_section&quot;:&quot;section-stretched&quot;}\">\n\t\t\t\t\t\t<div class=\"elementor-container elementor-column-gap-default\">\n\t\t\t\t\t\t\t<div class=\"elementor-row\">\n\t\t\t\t\t<div class=\"elementor-column elementor-col-100 elementor-top-column elementor-element elementor-element-631312e\" data-id=\"631312e\" data-element_type=\"column\">\n\t\t\t<div class=\"elementor-column-wrap elementor-element-populated\">\n\t\t\t\t\t\t\t<div class=\"elementor-widget-wrap\">\n\t\t\t\t\t\t<div class=\"elementor-element elementor-element-9f37849 elementor-widget elementor-widget-image\" data-id=\"9f37849\" data-element_type=\"widget\" data-widget_type=\"image.default\">\n\t\t\t\t<div class=\"elementor-widget-container\">\n\t\t\t\t\t\t\t\t<div class=\"elementor-image\">\n\t\t\t\t\t\t\t\t\t\t\t\t<img width=\"1265\" height=\"1028\" src=\"https:\/\/portcultural.usv.ro\/wp-content\/uploads\/RiomiiFoto1.jpg\" class=\"attachment-full size-full\" alt=\"\" loading=\"lazy\" srcset=\"https:\/\/portcultural.usv.ro\/wp-content\/uploads\/RiomiiFoto1.jpg 1265w, https:\/\/portcultural.usv.ro\/wp-content\/uploads\/RiomiiFoto1-300x244.jpg 300w, https:\/\/portcultural.usv.ro\/wp-content\/uploads\/RiomiiFoto1-1024x832.jpg 1024w, https:\/\/portcultural.usv.ro\/wp-content\/uploads\/RiomiiFoto1-150x122.jpg 150w, https:\/\/portcultural.usv.ro\/wp-content\/uploads\/RiomiiFoto1-768x624.jpg 768w, https:\/\/portcultural.usv.ro\/wp-content\/uploads\/RiomiiFoto1-16x12.jpg 16w, https:\/\/portcultural.usv.ro\/wp-content\/uploads\/RiomiiFoto1-24x20.jpg 24w, https:\/\/portcultural.usv.ro\/wp-content\/uploads\/RiomiiFoto1-36x29.jpg 36w, https:\/\/portcultural.usv.ro\/wp-content\/uploads\/RiomiiFoto1-48x39.jpg 48w\" sizes=\"(max-width: 1265px) 100vw, 1265px\" \/>\t\t\t\t\t\t\t\t\t\t\t\t\t\t<\/div>\n\t\t\t\t\t\t<\/div>\n\t\t\t\t<\/div>\n\t\t\t\t<div class=\"elementor-element elementor-element-44e7fb5 elementor-widget__width-inherit elementor-invisible elementor-widget elementor-widget-lae-heading\" data-id=\"44e7fb5\" data-element_type=\"widget\" data-settings=\"{&quot;_animation&quot;:&quot;fadeIn&quot;}\" data-widget_type=\"lae-heading.default\">\n\t\t\t\t<div class=\"elementor-widget-container\">\n\t\t\t\n<div class=\"lae-heading lae-style1 lae-aligncenter\" >\n\n    <h3 class=\"lae-title\">Oamenii patrimoniului\u200b<\/h3>\n\n    \n<\/div><!-- .lae-heading -->\t\t<\/div>\n\t\t\t\t<\/div>\n\t\t\t\t\t\t<\/div>\n\t\t\t\t\t<\/div>\n\t\t<\/div>\n\t\t\t\t\t\t\t\t<\/div>\n\t\t\t\t\t<\/div>\n\t\t<\/section>\n\t\t\t\t<section class=\"elementor-section elementor-top-section elementor-element elementor-element-fcf4d19 elementor-section-boxed elementor-section-height-default elementor-section-height-default\" data-id=\"fcf4d19\" data-element_type=\"section\">\n\t\t\t\t\t\t<div class=\"elementor-container elementor-column-gap-default\">\n\t\t\t\t\t\t\t<div class=\"elementor-row\">\n\t\t\t\t\t<div class=\"elementor-column elementor-col-33 elementor-top-column elementor-element elementor-element-8d6b686\" data-id=\"8d6b686\" data-element_type=\"column\">\n\t\t\t<div class=\"elementor-column-wrap elementor-element-populated\">\n\t\t\t\t\t\t\t<div class=\"elementor-widget-wrap\">\n\t\t\t\t\t\t<div class=\"elementor-element elementor-element-e778f64 elementor-widget elementor-widget-image\" data-id=\"e778f64\" data-element_type=\"widget\" data-widget_type=\"image.default\">\n\t\t\t\t<div class=\"elementor-widget-container\">\n\t\t\t\t\t\t\t\t<div class=\"elementor-image\">\n\t\t\t\t\t\t\t\t\t\t\t\t<img width=\"251\" height=\"1024\" src=\"https:\/\/portcultural.usv.ro\/wp-content\/uploads\/StalpStanga-251x1024.jpg\" class=\"attachment-large size-large\" alt=\"\" loading=\"lazy\" srcset=\"https:\/\/portcultural.usv.ro\/wp-content\/uploads\/StalpStanga-251x1024.jpg 251w, https:\/\/portcultural.usv.ro\/wp-content\/uploads\/StalpStanga-37x150.jpg 37w, https:\/\/portcultural.usv.ro\/wp-content\/uploads\/StalpStanga-377x1536.jpg 377w, https:\/\/portcultural.usv.ro\/wp-content\/uploads\/StalpStanga-3x12.jpg 3w, https:\/\/portcultural.usv.ro\/wp-content\/uploads\/StalpStanga-6x24.jpg 6w, https:\/\/portcultural.usv.ro\/wp-content\/uploads\/StalpStanga-9x36.jpg 9w, https:\/\/portcultural.usv.ro\/wp-content\/uploads\/StalpStanga-12x48.jpg 12w, https:\/\/portcultural.usv.ro\/wp-content\/uploads\/StalpStanga.jpg 409w\" sizes=\"(max-width: 251px) 100vw, 251px\" \/>\t\t\t\t\t\t\t\t\t\t\t\t\t\t<\/div>\n\t\t\t\t\t\t<\/div>\n\t\t\t\t<\/div>\n\t\t\t\t\t\t<\/div>\n\t\t\t\t\t<\/div>\n\t\t<\/div>\n\t\t\t\t<div class=\"elementor-column elementor-col-66 elementor-top-column elementor-element elementor-element-f4dc110\" data-id=\"f4dc110\" data-element_type=\"column\">\n\t\t\t<div class=\"elementor-column-wrap elementor-element-populated\">\n\t\t\t\t\t\t\t<div class=\"elementor-widget-wrap\">\n\t\t\t\t\t\t<div class=\"elementor-element elementor-element-e90093d elementor-widget elementor-widget-image\" data-id=\"e90093d\" data-element_type=\"widget\" data-widget_type=\"image.default\">\n\t\t\t\t<div class=\"elementor-widget-container\">\n\t\t\t\t\t\t\t\t<div class=\"elementor-image\">\n\t\t\t\t\t\t\t\t\t\t\t\t<img width=\"616\" height=\"125\" src=\"https:\/\/portcultural.usv.ro\/wp-content\/uploads\/header1_povesti.png\" class=\"attachment-large size-large\" alt=\"\" loading=\"lazy\" srcset=\"https:\/\/portcultural.usv.ro\/wp-content\/uploads\/header1_povesti.png 616w, https:\/\/portcultural.usv.ro\/wp-content\/uploads\/header1_povesti-300x61.png 300w, https:\/\/portcultural.usv.ro\/wp-content\/uploads\/header1_povesti-150x30.png 150w, https:\/\/portcultural.usv.ro\/wp-content\/uploads\/header1_povesti-16x3.png 16w, https:\/\/portcultural.usv.ro\/wp-content\/uploads\/header1_povesti-24x5.png 24w, https:\/\/portcultural.usv.ro\/wp-content\/uploads\/header1_povesti-36x7.png 36w, https:\/\/portcultural.usv.ro\/wp-content\/uploads\/header1_povesti-48x10.png 48w\" sizes=\"(max-width: 616px) 100vw, 616px\" \/>\t\t\t\t\t\t\t\t\t\t\t\t\t\t<\/div>\n\t\t\t\t\t\t<\/div>\n\t\t\t\t<\/div>\n\t\t\t\t<div class=\"elementor-element elementor-element-e9f6831 elementor-widget elementor-widget-image\" data-id=\"e9f6831\" data-element_type=\"widget\" data-widget_type=\"image.default\">\n\t\t\t\t<div class=\"elementor-widget-container\">\n\t\t\t\t\t\t\t\t<div class=\"elementor-image\">\n\t\t\t\t\t\t\t\t\t\t\t\t<img width=\"506\" height=\"68\" src=\"https:\/\/portcultural.usv.ro\/wp-content\/uploads\/Header2_povesti.png\" class=\"attachment-large size-large\" alt=\"\" loading=\"lazy\" srcset=\"https:\/\/portcultural.usv.ro\/wp-content\/uploads\/Header2_povesti.png 506w, https:\/\/portcultural.usv.ro\/wp-content\/uploads\/Header2_povesti-300x40.png 300w, https:\/\/portcultural.usv.ro\/wp-content\/uploads\/Header2_povesti-150x20.png 150w, https:\/\/portcultural.usv.ro\/wp-content\/uploads\/Header2_povesti-16x2.png 16w, https:\/\/portcultural.usv.ro\/wp-content\/uploads\/Header2_povesti-24x3.png 24w, https:\/\/portcultural.usv.ro\/wp-content\/uploads\/Header2_povesti-36x5.png 36w, https:\/\/portcultural.usv.ro\/wp-content\/uploads\/Header2_povesti-48x6.png 48w\" sizes=\"(max-width: 506px) 100vw, 506px\" \/>\t\t\t\t\t\t\t\t\t\t\t\t\t\t<\/div>\n\t\t\t\t\t\t<\/div>\n\t\t\t\t<\/div>\n\t\t\t\t<div class=\"elementor-element elementor-element-2753046 elementor-widget elementor-widget-text-editor\" data-id=\"2753046\" data-element_type=\"widget\" data-widget_type=\"text-editor.default\">\n\t\t\t\t<div class=\"elementor-widget-container\">\n\t\t\t\t\t\t\t\t<div class=\"elementor-text-editor elementor-clearfix\">\n\t\t\t\t<p><b>PASCAL GARNIER, Putna<\/b> \u2013 Salvarea Casei Aioni\u021boaie<\/p><p><b>FAMILIA B\u00ceCU, Putna<\/b> \u2013 Conservarea Casei Muzeu Bukowina<\/p><p><strong>COLEGIUL \u201dANDRONIC MOTRESCU\u201d, R\u0103d\u0103u\u021bi<\/strong> \u2013 Construirea \u0219i amenajarea Casei Muzeu<\/p><p><strong>FAMILIA P\u0102TR\u0102UCEAN, Straja<\/strong> \u2013 Amenajarea Casei Muzeu Straja<\/p><p><strong>GRUPUL CIVIC \u201dINI\u021aIATIVE PENTRU BILCA\u201d<\/strong> \u2013 pentru amenajarea Parcului Prieteniei \u0219i\u00a0<span style=\"font-size: 16px; color: var( --e-global-color-text ); font-family: var( --e-global-typography-text-font-family ), Sans-serif;\">protejarea arhitecturii tradi\u021bionale<\/span><\/p><p><strong>FAMILIA RIOMMI, Vama<\/strong> \u2013 Salvarea a 4 case tradi\u021bionale, amenajate ca spa\u021bii de cazare\/ La Saivan<\/p><p><strong>MIHAIL NICORESCU, Vama<\/strong> \u2013 Relocarea casei tradi\u021bionale \u0219i amenajarea Casei Muzeu Vama<\/p><p><strong>SALINA CACICA<\/strong> \u2013 P\u0103strarea cl\u0103dirilor vechi ale Salinei, ridicate \u00een perioada austriac\u0103<\/p><p><strong>FAMILIA SAVIN, C-lung Moldovenesc<\/strong> \u2013 Salvarea a patru case \u0219i amenajare Casei Poveste. Pensiune-Muzeu<\/p><p><strong>FAMILIA P\u0102STR\u0102V, Cacica<\/strong> \u2013 Relocarea a trei case tradi\u021bionale, amenajare complex Vatra Boiereasc\u0103<\/p><p><strong>MIHAI C\u00ceRDEI, Bilca<\/strong> \u2013 Construirea unei case tradi\u021bionale (colec\u021bie de c\u0103m\u0103\u0219i \u0219i obiecte tradi\u021bionale)<\/p><p><strong>VIOLETA ENEA, Suceava<\/strong> \u2013 Contribu\u021bia la bro\u0219ura\u00a0<span style=\"font-size: 16px; color: var( --e-global-color-text ); font-family: var( --e-global-typography-text-font-family ), Sans-serif;\">\u201cSatul Bucovinean ca Destina\u021bie Turistic\u0103. Cum \u00eel protej\u0103m \u0219i promov\u0103m?\u201d\u00a0<\/span><span style=\"font-size: 16px; color: var( --e-global-color-text ); font-family: var( --e-global-typography-text-font-family ), Sans-serif;\">\u0219i coordonarea atelierelor de patrimoniu<\/span><\/p><p><strong>IUSTINA HUM\u0102, Suceava<\/strong> \u2013 Coordonarea atelierelor de patrimoniu<\/p><p><strong>Arh. DORU DEACU, Suceava<\/strong> \u2013 Realizarea Ghidului de arhitectur\u0103 pentru \u00eencadrarea \u00ee<span style=\"font-size: 16px; color: var( --e-global-color-text ); font-family: var( --e-global-typography-text-font-family ), Sans-serif;\">n specificul local din mediul rural (Bucovina de Sud, Zona F\u0103lticeni)<\/span><\/p><p><strong>GRUPUL DE ARHITEC\u021aI \u201dMUNCIPEBRUNCH\u201d\u00a0<\/strong><strong style=\"font-size: 16px; color: var( --e-global-color-text ); font-family: var( --e-global-typography-text-font-family ), Sans-serif;\">\u00a0(ANCA LOGHIN, IULIA COSOVANU, LUCIAN MATEI, BOGDAN CONSTANTINESCU)\u00a0<\/strong><span style=\"font-size: 16px; color: var( --e-global-color-text ); font-family: var( --e-global-typography-text-font-family ), Sans-serif;\">\u2013 Documentarea cl\u0103dirilor Salinei Cacica, Bucovina Brunch 2017-2018<\/span><\/p><p><strong>AMBULAN\u021aA PENTRU MONUMENTE \u2013 MOLDOVA NORD \u2013 <\/strong>refacerea \u00eenvelitorii Casei Ion Creang\u0103, F\u0103lticeni<\/p><p><strong>DIMITRIE OLENICI, Suceava<\/strong> \u2013 Cercetarea \u0219i documentarea ornamenticii tradi\u021bionale a caselor din Bucovina<\/p><p><strong>Pr. CONSTANTIN ROTAR, R\u0103d\u0103\u0219eni<\/strong> \u2013 Restaurarea integral\u0103 a bisericii de lemn de la R\u0103d\u0103\u0219eni<\/p><p><strong>Pr. TEODOR GIOSAN<\/strong> <strong>, C-lung Moldovenesc<\/strong> \u2013 Restaurarea bisericii de lemn din Capu Satului \u0219i salvarea a trei case tradi\u021bionale<\/p><p><strong>Pr. PASCAL MITU, Ad\u00e2ncata<\/strong> \u2013 Restaurarea bisericii de lemn din Ad\u00e2ncata, amenajarea atelierului de me\u0219te\u0219uguri tradi\u021bionale<\/p><p><strong>Pr. GABRIEL HEREA, P\u0103tr\u0103u\u021bi<\/strong> \u2013 Promovarea patrimoniului construit \u0219i amenajarea \u201dCasei Preotului Bucovinean\u201d<\/p><p><strong>PRIM\u0102RIA CIOC\u0102NE\u0218TI<\/strong> \u2013 Mobilizarea comunit\u0103\u021bii pentru p\u0103strarea peisajului cultural specific<\/p><p><strong>PRIM\u0102RIA DORNA CANDRENI<\/strong> \u2013 Conservarea cl\u0103dirilor din sec. XIX, din perioada sta\u021biunii balneare (cl\u0103dire prim\u0103rie, liceu \u0219i Chio\u0219cul Apelor Minerale), construirea Casei Muzeu<\/p><p><strong>PRIM\u0102RIA POIANA STAMPEI<\/strong> \u2013 Construirea Casei Muzeu<\/p><p><strong>PARASCHIVA \u0218I IOAN ABUTN\u0102RI\u021aEI, Vatra Dornei<\/strong> &#8211; Pentru documentarea caselor tradi\u021bionale din zona Dornei (Monografia Comunei Poiana Stampei)<\/p><p><strong>CERAMICA MARGINEA, CORNEL MAGOP\u0102\u021a<\/strong> \u2013 P\u0103strarea casei Vasile Magop\u0103\u021b, schimbarea func\u021bionalit\u0103\u021bii<\/p><p><strong>SATUL BUCOVINEAN, Breaza<\/strong> \u2013 Str\u0103mutarea a 7 case din zon\u0103 \u0219i amenajarea complexului ce pune \u00een valoarea arhitectura tradi\u021bional\u0103 a Bucovinei.<\/p><h1>OAMENII PATRIMONIULUI pretuiesc mo\u0219tenirea cultural\u0103 \u0219i casele traditionale ale Bucovinei.<\/h1>\t\t\t\t\t<\/div>\n\t\t\t\t\t\t<\/div>\n\t\t\t\t<\/div>\n\t\t\t\t\t\t<\/div>\n\t\t\t\t\t<\/div>\n\t\t<\/div>\n\t\t\t\t\t\t\t\t<\/div>\n\t\t\t\t\t<\/div>\n\t\t<\/section>\n\t\t\t\t<section class=\"elementor-section elementor-top-section elementor-element elementor-element-d427cc1 elementor-section-boxed elementor-section-height-default elementor-section-height-default\" data-id=\"d427cc1\" data-element_type=\"section\">\n\t\t\t\t\t\t<div class=\"elementor-container elementor-column-gap-default\">\n\t\t\t\t\t\t\t<div class=\"elementor-row\">\n\t\t\t\t\t<div class=\"elementor-column elementor-col-100 elementor-top-column elementor-element elementor-element-671f1d2\" data-id=\"671f1d2\" data-element_type=\"column\">\n\t\t\t<div class=\"elementor-column-wrap elementor-element-populated\">\n\t\t\t\t\t\t\t<div class=\"elementor-widget-wrap\">\n\t\t\t\t\t\t<div class=\"elementor-element elementor-element-75dd288 elementor-widget elementor-widget-heading\" data-id=\"75dd288\" data-element_type=\"widget\" data-widget_type=\"heading.default\">\n\t\t\t\t<div class=\"elementor-widget-container\">\n\t\t\t<h2 class=\"elementor-heading-title elementor-size-default\">Pove\u0219tile Oamenilor Patrimoniului<\/h2>\t\t<\/div>\n\t\t\t\t<\/div>\n\t\t\t\t<div class=\"elementor-element elementor-element-0875e32 elementor-grid-eael-col-3 elementor-grid-tablet-eael-col-2 elementor-grid-mobile-eael-col-1 elementor-widget elementor-widget-eael-post-grid\" data-id=\"0875e32\" data-element_type=\"widget\" data-settings=\"{&quot;eael_post_grid_columns&quot;:&quot;eael-col-3&quot;,&quot;eael_post_grid_columns_tablet&quot;:&quot;eael-col-2&quot;,&quot;eael_post_grid_columns_mobile&quot;:&quot;eael-col-1&quot;}\" data-widget_type=\"eael-post-grid.default\">\n\t\t\t\t<div class=\"elementor-widget-container\">\n\t\t\t<div id=\"eael-post-grid-0875e32\" class=\"eael-post-grid-container\">\n            <div class=\"eael-post-grid eael-post-appender eael-post-appender-0875e32 eael-post-grid-style-default\" data-layout-mode=\"grid\"><article class=\"eael-grid-post eael-post-grid-column\" data-id=\"6530\">\n        <div class=\"eael-grid-post-holder\">\n            <div class=\"eael-grid-post-holder-inner\"><div class=\"eael-entry-media\"><div class=\"eael-entry-overlay fade-in\"><i class=\"fas fa-long-arrow-alt-right\" aria-hidden=\"true\"><\/i><a href=\"https:\/\/portcultural.usv.ro\/en\/oamenii-patrimoniului-2022\/\"><\/a><\/div><div class=\"eael-entry-thumbnail\">\n                <img width=\"300\" height=\"97\" src=\"https:\/\/portcultural.usv.ro\/wp-content\/uploads\/2022-Afis-Oamenii-Patrimoniului-header-300x97.jpg\" class=\"attachment-medium size-medium\" alt=\"\" loading=\"lazy\" srcset=\"https:\/\/portcultural.usv.ro\/wp-content\/uploads\/2022-Afis-Oamenii-Patrimoniului-header-300x97.jpg 300w, https:\/\/portcultural.usv.ro\/wp-content\/uploads\/2022-Afis-Oamenii-Patrimoniului-header-1024x332.jpg 1024w, https:\/\/portcultural.usv.ro\/wp-content\/uploads\/2022-Afis-Oamenii-Patrimoniului-header-150x49.jpg 150w, https:\/\/portcultural.usv.ro\/wp-content\/uploads\/2022-Afis-Oamenii-Patrimoniului-header-768x249.jpg 768w, https:\/\/portcultural.usv.ro\/wp-content\/uploads\/2022-Afis-Oamenii-Patrimoniului-header-1536x498.jpg 1536w, https:\/\/portcultural.usv.ro\/wp-content\/uploads\/2022-Afis-Oamenii-Patrimoniului-header-2048x664.jpg 2048w, https:\/\/portcultural.usv.ro\/wp-content\/uploads\/2022-Afis-Oamenii-Patrimoniului-header-18x6.jpg 18w, https:\/\/portcultural.usv.ro\/wp-content\/uploads\/2022-Afis-Oamenii-Patrimoniului-header-24x8.jpg 24w, https:\/\/portcultural.usv.ro\/wp-content\/uploads\/2022-Afis-Oamenii-Patrimoniului-header-36x12.jpg 36w, https:\/\/portcultural.usv.ro\/wp-content\/uploads\/2022-Afis-Oamenii-Patrimoniului-header-48x16.jpg 48w\" sizes=\"(max-width: 300px) 100vw, 300px\" \/>\n            <\/div>\n        <\/div><div class=\"eael-entry-wrapper\"><header class=\"eael-entry-header\"><h2 class=\"eael-entry-title\"><a\n                        class=\"eael-grid-post-link\"\n                        href=\"https:\/\/portcultural.usv.ro\/en\/oamenii-patrimoniului-2022\/\"\n                        title=\"Oamenii patrimoniului &#8211; 2022\">Oamenii patrimoniului &#8211; 2022<\/a><\/h2><\/header><div class=\"eael-entry-content\">\n                        <div class=\"eael-grid-post-excerpt\"><p>Asocia\u021bia \u201eAcas\u0103 \u00een Bucovina\u201d pentru includerea comunelor Brodina \u0219i Straja \u00een \u201eRuta satelor cu arhitectur\u0103 tradi\u021bional\u0103\u201d.\u058d Prim\u0103ria Cacica pentru g\u0103zduirea...<\/p><a\n                            href=\"https:\/\/portcultural.usv.ro\/en\/oamenii-patrimoniului-2022\/\"\n                            class=\"eael-post-elements-readmore-btn\">Detalii &gt;&gt;<\/a><\/div>\n                    <\/div><\/div><\/div>\n        <\/div>\n    <\/article><article class=\"eael-grid-post eael-post-grid-column\" data-id=\"6239\">\n        <div class=\"eael-grid-post-holder\">\n            <div class=\"eael-grid-post-holder-inner\"><div class=\"eael-entry-media\"><div class=\"eael-entry-overlay fade-in\"><i class=\"fas fa-long-arrow-alt-right\" aria-hidden=\"true\"><\/i><a href=\"https:\/\/portcultural.usv.ro\/en\/oamenii-patrimoniului-2021\/\"><\/a><\/div><div class=\"eael-entry-thumbnail\">\n                <img width=\"300\" height=\"93\" src=\"https:\/\/portcultural.usv.ro\/wp-content\/uploads\/OP_2021-300x93.jpg\" class=\"attachment-medium size-medium\" alt=\"\" loading=\"lazy\" srcset=\"https:\/\/portcultural.usv.ro\/wp-content\/uploads\/OP_2021-300x93.jpg 300w, https:\/\/portcultural.usv.ro\/wp-content\/uploads\/OP_2021-1024x317.jpg 1024w, https:\/\/portcultural.usv.ro\/wp-content\/uploads\/OP_2021-150x46.jpg 150w, https:\/\/portcultural.usv.ro\/wp-content\/uploads\/OP_2021-768x238.jpg 768w, https:\/\/portcultural.usv.ro\/wp-content\/uploads\/OP_2021-1536x475.jpg 1536w, https:\/\/portcultural.usv.ro\/wp-content\/uploads\/OP_2021-2048x634.jpg 2048w, https:\/\/portcultural.usv.ro\/wp-content\/uploads\/OP_2021-18x6.jpg 18w, https:\/\/portcultural.usv.ro\/wp-content\/uploads\/OP_2021-24x7.jpg 24w, https:\/\/portcultural.usv.ro\/wp-content\/uploads\/OP_2021-36x11.jpg 36w, https:\/\/portcultural.usv.ro\/wp-content\/uploads\/OP_2021-48x15.jpg 48w\" sizes=\"(max-width: 300px) 100vw, 300px\" \/>\n            <\/div>\n        <\/div><div class=\"eael-entry-wrapper\"><header class=\"eael-entry-header\"><h2 class=\"eael-entry-title\"><a\n                        class=\"eael-grid-post-link\"\n                        href=\"https:\/\/portcultural.usv.ro\/en\/oamenii-patrimoniului-2021\/\"\n                        title=\"Oamenii patrimoniului &#8211; 2021\">Oamenii patrimoniului &#8211; 2021<\/a><\/h2><\/header><div class=\"eael-entry-content\">\n                        <div class=\"eael-grid-post-excerpt\"><p>\u00a0 FELICIA \u0219i DIONIZIE OLENICI pentru Colectia Etnografic\u0103 \u201eFelicia \u0219i Dionizie Olenici\u201d \u0219i crearea unui muzeu etnografic impresionant \u00een gospod\u0103ria...<\/p><a\n                            href=\"https:\/\/portcultural.usv.ro\/en\/oamenii-patrimoniului-2021\/\"\n                            class=\"eael-post-elements-readmore-btn\">Detalii &gt;&gt;<\/a><\/div>\n                    <\/div><\/div><\/div>\n        <\/div>\n    <\/article><article class=\"eael-grid-post eael-post-grid-column\" data-id=\"6231\">\n        <div class=\"eael-grid-post-holder\">\n            <div class=\"eael-grid-post-holder-inner\"><div class=\"eael-entry-media\"><div class=\"eael-entry-overlay fade-in\"><i class=\"fas fa-long-arrow-alt-right\" aria-hidden=\"true\"><\/i><a href=\"https:\/\/portcultural.usv.ro\/en\/oamenii-patrimoniului-2020\/\"><\/a><\/div><div class=\"eael-entry-thumbnail\">\n                <img width=\"300\" height=\"134\" src=\"https:\/\/portcultural.usv.ro\/wp-content\/uploads\/OP_2020-300x134.jpg\" class=\"attachment-medium size-medium\" alt=\"\" loading=\"lazy\" srcset=\"https:\/\/portcultural.usv.ro\/wp-content\/uploads\/OP_2020-300x134.jpg 300w, https:\/\/portcultural.usv.ro\/wp-content\/uploads\/OP_2020-1024x458.jpg 1024w, https:\/\/portcultural.usv.ro\/wp-content\/uploads\/OP_2020-150x67.jpg 150w, https:\/\/portcultural.usv.ro\/wp-content\/uploads\/OP_2020-768x343.jpg 768w, https:\/\/portcultural.usv.ro\/wp-content\/uploads\/OP_2020-1536x687.jpg 1536w, https:\/\/portcultural.usv.ro\/wp-content\/uploads\/OP_2020-2048x916.jpg 2048w, https:\/\/portcultural.usv.ro\/wp-content\/uploads\/OP_2020-18x8.jpg 18w, https:\/\/portcultural.usv.ro\/wp-content\/uploads\/OP_2020-24x11.jpg 24w, https:\/\/portcultural.usv.ro\/wp-content\/uploads\/OP_2020-36x16.jpg 36w, https:\/\/portcultural.usv.ro\/wp-content\/uploads\/OP_2020-48x21.jpg 48w\" sizes=\"(max-width: 300px) 100vw, 300px\" \/>\n            <\/div>\n        <\/div><div class=\"eael-entry-wrapper\"><header class=\"eael-entry-header\"><h2 class=\"eael-entry-title\"><a\n                        class=\"eael-grid-post-link\"\n                        href=\"https:\/\/portcultural.usv.ro\/en\/oamenii-patrimoniului-2020\/\"\n                        title=\"Oamenii patrimoniului &#8211; 2020\">Oamenii patrimoniului &#8211; 2020<\/a><\/h2><\/header><div class=\"eael-entry-content\">\n                        <div class=\"eael-grid-post-excerpt\"><p>PASCAL GARNIER, Putna \u2013 Salvarea Casei Aioni\u021boaie FAMILIA B\u00ceCU, Putna \u2013 Conservarea Casei Muzeu Bukowina COLEGIUL \u201dANDRONIC MOTRESCU\u201d, R\u0103d\u0103u\u021bi \u2013...<\/p><a\n                            href=\"https:\/\/portcultural.usv.ro\/en\/oamenii-patrimoniului-2020\/\"\n                            class=\"eael-post-elements-readmore-btn\">Detalii &gt;&gt;<\/a><\/div>\n                    <\/div><\/div><\/div>\n        <\/div>\n    <\/article><article class=\"eael-grid-post eael-post-grid-column\" data-id=\"3136\">\n        <div class=\"eael-grid-post-holder\">\n            <div class=\"eael-grid-post-holder-inner\"><div class=\"eael-entry-media\"><div class=\"eael-entry-overlay fade-in\"><i class=\"fas fa-long-arrow-alt-right\" aria-hidden=\"true\"><\/i><a href=\"https:\/\/portcultural.usv.ro\/en\/grupul-bilca\/\"><\/a><\/div><div class=\"eael-entry-thumbnail\">\n                <img width=\"300\" height=\"200\" src=\"https:\/\/portcultural.usv.ro\/wp-content\/uploads\/1-2-300x200.jpg\" class=\"attachment-medium size-medium\" alt=\"\" loading=\"lazy\" srcset=\"https:\/\/portcultural.usv.ro\/wp-content\/uploads\/1-2-300x200.jpg 300w, https:\/\/portcultural.usv.ro\/wp-content\/uploads\/1-2-150x100.jpg 150w, https:\/\/portcultural.usv.ro\/wp-content\/uploads\/1-2-768x512.jpg 768w, https:\/\/portcultural.usv.ro\/wp-content\/uploads\/1-2-600x400.jpg 600w, https:\/\/portcultural.usv.ro\/wp-content\/uploads\/1-2-16x12.jpg 16w, https:\/\/portcultural.usv.ro\/wp-content\/uploads\/1-2-24x16.jpg 24w, https:\/\/portcultural.usv.ro\/wp-content\/uploads\/1-2-36x24.jpg 36w, https:\/\/portcultural.usv.ro\/wp-content\/uploads\/1-2-48x32.jpg 48w, https:\/\/portcultural.usv.ro\/wp-content\/uploads\/1-2-272x182.jpg 272w, https:\/\/portcultural.usv.ro\/wp-content\/uploads\/1-2.jpg 1001w\" sizes=\"(max-width: 300px) 100vw, 300px\" \/>\n            <\/div>\n        <\/div><div class=\"eael-entry-wrapper\"><header class=\"eael-entry-header\"><h2 class=\"eael-entry-title\"><a\n                        class=\"eael-grid-post-link\"\n                        href=\"https:\/\/portcultural.usv.ro\/en\/grupul-bilca\/\"\n                        title=\"Grupul Bilca\">Grupul Bilca<\/a><\/h2><\/header><div class=\"eael-entry-content\">\n                        <div class=\"eael-grid-post-excerpt\"><p>Grupul Civic \u201eINI\u021aIATIVE PENTRU BILCA\u201d POVESTE \u201eSolidaritatea, aspira\u021biile comune \u0219i colaborarea au stat la baza dezvolt\u0103rii societ\u0103\u021bii omene\u0219ti de-a lungul...<\/p><a\n                            href=\"https:\/\/portcultural.usv.ro\/en\/grupul-bilca\/\"\n                            class=\"eael-post-elements-readmore-btn\">Detalii &gt;&gt;<\/a><\/div>\n                    <\/div><\/div><\/div>\n        <\/div>\n    <\/article><article class=\"eael-grid-post eael-post-grid-column\" data-id=\"3122\">\n        <div class=\"eael-grid-post-holder\">\n            <div class=\"eael-grid-post-holder-inner\"><div class=\"eael-entry-media\"><div class=\"eael-entry-overlay fade-in\"><i class=\"fas fa-long-arrow-alt-right\" aria-hidden=\"true\"><\/i><a href=\"https:\/\/portcultural.usv.ro\/en\/paraschiva-si-ioan-abutnaritei\/\"><\/a><\/div><div class=\"eael-entry-thumbnail\">\n                <img width=\"300\" height=\"196\" src=\"https:\/\/portcultural.usv.ro\/wp-content\/uploads\/1-1-e1619449965619-300x196.jpg\" class=\"attachment-medium size-medium\" alt=\"\" loading=\"lazy\" srcset=\"https:\/\/portcultural.usv.ro\/wp-content\/uploads\/1-1-e1619449965619-300x196.jpg 300w, https:\/\/portcultural.usv.ro\/wp-content\/uploads\/1-1-e1619449965619-1024x670.jpg 1024w, https:\/\/portcultural.usv.ro\/wp-content\/uploads\/1-1-e1619449965619-150x98.jpg 150w, https:\/\/portcultural.usv.ro\/wp-content\/uploads\/1-1-e1619449965619-768x503.jpg 768w, https:\/\/portcultural.usv.ro\/wp-content\/uploads\/1-1-e1619449965619-1536x1006.jpg 1536w, https:\/\/portcultural.usv.ro\/wp-content\/uploads\/1-1-e1619449965619-16x10.jpg 16w, https:\/\/portcultural.usv.ro\/wp-content\/uploads\/1-1-e1619449965619-24x16.jpg 24w, https:\/\/portcultural.usv.ro\/wp-content\/uploads\/1-1-e1619449965619-36x24.jpg 36w, https:\/\/portcultural.usv.ro\/wp-content\/uploads\/1-1-e1619449965619-48x31.jpg 48w, https:\/\/portcultural.usv.ro\/wp-content\/uploads\/1-1-e1619449965619.jpg 1972w\" sizes=\"(max-width: 300px) 100vw, 300px\" \/>\n            <\/div>\n        <\/div><div class=\"eael-entry-wrapper\"><header class=\"eael-entry-header\"><h2 class=\"eael-entry-title\"><a\n                        class=\"eael-grid-post-link\"\n                        href=\"https:\/\/portcultural.usv.ro\/en\/paraschiva-si-ioan-abutnaritei\/\"\n                        title=\"Paraschiva \u0219i Ioan Abutn\u0103ri\u021bei\">Paraschiva \u0219i Ioan Abutn\u0103ri\u021bei<\/a><\/h2><\/header><div class=\"eael-entry-content\">\n                        <div class=\"eael-grid-post-excerpt\"><p>Paraschiva \u0219i Ioan ABUTN\u0102RI\u021aEI POVESTE \u201eNe-am str\u0103duit, \u00een 2006, s\u0103 alc\u0103tuim\u00a0 Monografia comunei Poiana Stampei (\u00een 2008, pe cea a...<\/p><a\n                            href=\"https:\/\/portcultural.usv.ro\/en\/paraschiva-si-ioan-abutnaritei\/\"\n                            class=\"eael-post-elements-readmore-btn\">Detalii &gt;&gt;<\/a><\/div>\n                    <\/div><\/div><\/div>\n        <\/div>\n    <\/article><article class=\"eael-grid-post eael-post-grid-column\" data-id=\"3110\">\n        <div class=\"eael-grid-post-holder\">\n            <div class=\"eael-grid-post-holder-inner\"><div class=\"eael-entry-media\"><div class=\"eael-entry-overlay fade-in\"><i class=\"fas fa-long-arrow-alt-right\" aria-hidden=\"true\"><\/i><a href=\"https:\/\/portcultural.usv.ro\/en\/colegiul-andronic-motrescu-radauti\/\"><\/a><\/div><div class=\"eael-entry-thumbnail\">\n                <img width=\"300\" height=\"225\" src=\"https:\/\/portcultural.usv.ro\/wp-content\/uploads\/1-300x225.jpg\" class=\"attachment-medium size-medium\" alt=\"\" loading=\"lazy\" srcset=\"https:\/\/portcultural.usv.ro\/wp-content\/uploads\/1-300x225.jpg 300w, https:\/\/portcultural.usv.ro\/wp-content\/uploads\/1-1024x768.jpg 1024w, https:\/\/portcultural.usv.ro\/wp-content\/uploads\/1-150x113.jpg 150w, https:\/\/portcultural.usv.ro\/wp-content\/uploads\/1-768x576.jpg 768w, https:\/\/portcultural.usv.ro\/wp-content\/uploads\/1-16x12.jpg 16w, https:\/\/portcultural.usv.ro\/wp-content\/uploads\/1-24x18.jpg 24w, https:\/\/portcultural.usv.ro\/wp-content\/uploads\/1-36x27.jpg 36w, https:\/\/portcultural.usv.ro\/wp-content\/uploads\/1-48x36.jpg 48w, https:\/\/portcultural.usv.ro\/wp-content\/uploads\/1.jpg 1152w\" sizes=\"(max-width: 300px) 100vw, 300px\" \/>\n            <\/div>\n        <\/div><div class=\"eael-entry-wrapper\"><header class=\"eael-entry-header\"><h2 class=\"eael-entry-title\"><a\n                        class=\"eael-grid-post-link\"\n                        href=\"https:\/\/portcultural.usv.ro\/en\/colegiul-andronic-motrescu-radauti\/\"\n                        title=\"Colegiul \u201dAndronic Motrescu\u201d, R\u0103d\u0103u\u021bi\">Colegiul \u201dAndronic Motrescu\u201d, R\u0103d\u0103u\u021bi<\/a><\/h2><\/header><div class=\"eael-entry-content\">\n                        <div class=\"eael-grid-post-excerpt\"><p>Colegiului \u201dAndronic Motrescu\u201d, R\u0103d\u0103u\u021bi POVESTE \u201d\u00cen urma unei campanii \u00een r\u00e2ndul elevilor \u015fi p\u0103rin\u0163ilor acestora, \u00eenceput\u0103 \u00een anul \u015fcolar 1996...<\/p><a\n                            href=\"https:\/\/portcultural.usv.ro\/en\/colegiul-andronic-motrescu-radauti\/\"\n                            class=\"eael-post-elements-readmore-btn\">Detalii &gt;&gt;<\/a><\/div>\n                    <\/div><\/div><\/div>\n        <\/div>\n    <\/article><article class=\"eael-grid-post eael-post-grid-column\" data-id=\"3021\">\n        <div class=\"eael-grid-post-holder\">\n            <div class=\"eael-grid-post-holder-inner\"><div class=\"eael-entry-media\"><div class=\"eael-entry-overlay fade-in\"><i class=\"fas fa-long-arrow-alt-right\" aria-hidden=\"true\"><\/i><a href=\"https:\/\/portcultural.usv.ro\/en\/familia-riommi\/\"><\/a><\/div><div class=\"eael-entry-thumbnail\">\n                <img width=\"300\" height=\"300\" src=\"https:\/\/portcultural.usv.ro\/wp-content\/uploads\/SBucov_4-300x300.png\" class=\"attachment-medium size-medium\" alt=\"\" loading=\"lazy\" srcset=\"https:\/\/portcultural.usv.ro\/wp-content\/uploads\/SBucov_4-300x300.png 300w, https:\/\/portcultural.usv.ro\/wp-content\/uploads\/SBucov_4-150x150.png 150w, https:\/\/portcultural.usv.ro\/wp-content\/uploads\/SBucov_4-768x768.png 768w, https:\/\/portcultural.usv.ro\/wp-content\/uploads\/SBucov_4-12x12.png 12w, https:\/\/portcultural.usv.ro\/wp-content\/uploads\/SBucov_4-24x24.png 24w, https:\/\/portcultural.usv.ro\/wp-content\/uploads\/SBucov_4-36x36.png 36w, https:\/\/portcultural.usv.ro\/wp-content\/uploads\/SBucov_4-48x48.png 48w, https:\/\/portcultural.usv.ro\/wp-content\/uploads\/SBucov_4.png 1024w\" sizes=\"(max-width: 300px) 100vw, 300px\" \/>\n            <\/div>\n        <\/div><div class=\"eael-entry-wrapper\"><header class=\"eael-entry-header\"><h2 class=\"eael-entry-title\"><a\n                        class=\"eael-grid-post-link\"\n                        href=\"https:\/\/portcultural.usv.ro\/en\/familia-riommi\/\"\n                        title=\"SATUL BUCOVINEAN\">SATUL BUCOVINEAN<\/a><\/h2><\/header><div class=\"eael-entry-content\">\n                        <div class=\"eael-grid-post-excerpt\"><p>SATUL BUCOVINEAN POVESTE \u201eEste o a\u0219ezare de vacan\u021b\u0103 \u00een satul Breaza, format\u0103 din 7 case vechi \u021b\u0103r\u0103ne\u0219ti bucovinene \u0219i o...<\/p><a\n                            href=\"https:\/\/portcultural.usv.ro\/en\/familia-riommi\/\"\n                            class=\"eael-post-elements-readmore-btn\">Detalii &gt;&gt;<\/a><\/div>\n                    <\/div><\/div><\/div>\n        <\/div>\n    <\/article><article class=\"eael-grid-post eael-post-grid-column\" data-id=\"2540\">\n        <div class=\"eael-grid-post-holder\">\n            <div class=\"eael-grid-post-holder-inner\"><div class=\"eael-entry-media\"><div class=\"eael-entry-overlay fade-in\"><i class=\"fas fa-long-arrow-alt-right\" aria-hidden=\"true\"><\/i><a href=\"https:\/\/portcultural.usv.ro\/en\/pascal-garnier\/\"><\/a><\/div><div class=\"eael-entry-thumbnail\">\n                <img width=\"300\" height=\"244\" src=\"https:\/\/portcultural.usv.ro\/wp-content\/uploads\/RiomiiFoto1-300x244.jpg\" class=\"attachment-medium size-medium\" alt=\"\" loading=\"lazy\" srcset=\"https:\/\/portcultural.usv.ro\/wp-content\/uploads\/RiomiiFoto1-300x244.jpg 300w, https:\/\/portcultural.usv.ro\/wp-content\/uploads\/RiomiiFoto1-1024x832.jpg 1024w, https:\/\/portcultural.usv.ro\/wp-content\/uploads\/RiomiiFoto1-150x122.jpg 150w, https:\/\/portcultural.usv.ro\/wp-content\/uploads\/RiomiiFoto1-768x624.jpg 768w, https:\/\/portcultural.usv.ro\/wp-content\/uploads\/RiomiiFoto1-16x12.jpg 16w, https:\/\/portcultural.usv.ro\/wp-content\/uploads\/RiomiiFoto1-24x20.jpg 24w, https:\/\/portcultural.usv.ro\/wp-content\/uploads\/RiomiiFoto1-36x29.jpg 36w, https:\/\/portcultural.usv.ro\/wp-content\/uploads\/RiomiiFoto1-48x39.jpg 48w, https:\/\/portcultural.usv.ro\/wp-content\/uploads\/RiomiiFoto1.jpg 1265w\" sizes=\"(max-width: 300px) 100vw, 300px\" \/>\n            <\/div>\n        <\/div><div class=\"eael-entry-wrapper\"><header class=\"eael-entry-header\"><h2 class=\"eael-entry-title\"><a\n                        class=\"eael-grid-post-link\"\n                        href=\"https:\/\/portcultural.usv.ro\/en\/pascal-garnier\/\"\n                        title=\"FAMILIA RIOMMI\">FAMILIA RIOMMI<\/a><\/h2><\/header><div class=\"eael-entry-content\">\n                        <div class=\"eael-grid-post-excerpt\"><p>FAMILIA RIOMMI POVESTE Casa de oaspe\u021bi \u201eHai la Saivan\u201d este localizat\u0103 \u00een Prisaca Dornei, Suceava, fiind o afacere de familie...<\/p><a\n                            href=\"https:\/\/portcultural.usv.ro\/en\/pascal-garnier\/\"\n                            class=\"eael-post-elements-readmore-btn\">Detalii &gt;&gt;<\/a><\/div>\n                    <\/div><\/div><\/div>\n        <\/div>\n    <\/article><article class=\"eael-grid-post eael-post-grid-column\" data-id=\"2528\">\n        <div class=\"eael-grid-post-holder\">\n            <div class=\"eael-grid-post-holder-inner\"><div class=\"eael-entry-media\"><div class=\"eael-entry-overlay fade-in\"><i class=\"fas fa-long-arrow-alt-right\" aria-hidden=\"true\"><\/i><a href=\"https:\/\/portcultural.usv.ro\/en\/primaria-poiana-stampei-2\/\"><\/a><\/div><div class=\"eael-entry-thumbnail\">\n                <img width=\"300\" height=\"225\" src=\"https:\/\/portcultural.usv.ro\/wp-content\/uploads\/PascalFoto1-1-300x225.jpg\" class=\"attachment-medium size-medium\" alt=\"\" loading=\"lazy\" srcset=\"https:\/\/portcultural.usv.ro\/wp-content\/uploads\/PascalFoto1-1-300x225.jpg 300w, https:\/\/portcultural.usv.ro\/wp-content\/uploads\/PascalFoto1-1-1024x768.jpg 1024w, https:\/\/portcultural.usv.ro\/wp-content\/uploads\/PascalFoto1-1-150x112.jpg 150w, https:\/\/portcultural.usv.ro\/wp-content\/uploads\/PascalFoto1-1-768x576.jpg 768w, https:\/\/portcultural.usv.ro\/wp-content\/uploads\/PascalFoto1-1-16x12.jpg 16w, https:\/\/portcultural.usv.ro\/wp-content\/uploads\/PascalFoto1-1-24x18.jpg 24w, https:\/\/portcultural.usv.ro\/wp-content\/uploads\/PascalFoto1-1-36x27.jpg 36w, https:\/\/portcultural.usv.ro\/wp-content\/uploads\/PascalFoto1-1-48x36.jpg 48w, https:\/\/portcultural.usv.ro\/wp-content\/uploads\/PascalFoto1-1.jpg 1266w\" sizes=\"(max-width: 300px) 100vw, 300px\" \/>\n            <\/div>\n        <\/div><div class=\"eael-entry-wrapper\"><header class=\"eael-entry-header\"><h2 class=\"eael-entry-title\"><a\n                        class=\"eael-grid-post-link\"\n                        href=\"https:\/\/portcultural.usv.ro\/en\/primaria-poiana-stampei-2\/\"\n                        title=\"PASCAL GARNIER\">PASCAL GARNIER<\/a><\/h2><\/header><div class=\"eael-entry-content\">\n                        <div class=\"eael-grid-post-excerpt\"><p>PASCAL GARNIER POVESTE \u201e\u00cen 2013, un grup de studen\u021bi de la Facultatea de \u0218tiin\u021be Economice \u0219i Administra\u021bie Public\u0103 din Suceava,...<\/p><a\n                            href=\"https:\/\/portcultural.usv.ro\/en\/primaria-poiana-stampei-2\/\"\n                            class=\"eael-post-elements-readmore-btn\">Detalii &gt;&gt;<\/a><\/div>\n                    <\/div><\/div><\/div>\n        <\/div>\n    <\/article><article class=\"eael-grid-post eael-post-grid-column\" data-id=\"2498\">\n        <div class=\"eael-grid-post-holder\">\n            <div class=\"eael-grid-post-holder-inner\"><div class=\"eael-entry-media\"><div class=\"eael-entry-overlay fade-in\"><i class=\"fas fa-long-arrow-alt-right\" aria-hidden=\"true\"><\/i><a href=\"https:\/\/portcultural.usv.ro\/en\/primaria-poiana-stampei\/\"><\/a><\/div><div class=\"eael-entry-thumbnail\">\n                <img width=\"300\" height=\"200\" src=\"https:\/\/portcultural.usv.ro\/wp-content\/uploads\/FotoPovesti1-300x200.jpg\" class=\"attachment-medium size-medium\" alt=\"\" loading=\"lazy\" srcset=\"https:\/\/portcultural.usv.ro\/wp-content\/uploads\/FotoPovesti1-300x200.jpg 300w, https:\/\/portcultural.usv.ro\/wp-content\/uploads\/FotoPovesti1-150x100.jpg 150w, https:\/\/portcultural.usv.ro\/wp-content\/uploads\/FotoPovesti1-16x12.jpg 16w, https:\/\/portcultural.usv.ro\/wp-content\/uploads\/FotoPovesti1-24x16.jpg 24w, https:\/\/portcultural.usv.ro\/wp-content\/uploads\/FotoPovesti1-36x24.jpg 36w, https:\/\/portcultural.usv.ro\/wp-content\/uploads\/FotoPovesti1-48x32.jpg 48w, https:\/\/portcultural.usv.ro\/wp-content\/uploads\/FotoPovesti1-272x182.jpg 272w, https:\/\/portcultural.usv.ro\/wp-content\/uploads\/FotoPovesti1.jpg 488w\" sizes=\"(max-width: 300px) 100vw, 300px\" \/>\n            <\/div>\n        <\/div><div class=\"eael-entry-wrapper\"><header class=\"eael-entry-header\"><h2 class=\"eael-entry-title\"><a\n                        class=\"eael-grid-post-link\"\n                        href=\"https:\/\/portcultural.usv.ro\/en\/primaria-poiana-stampei\/\"\n                        title=\"Prim\u0103ria POIANA STAMPEI\">Prim\u0103ria POIANA STAMPEI<\/a><\/h2><\/header><div class=\"eael-entry-content\">\n                        <div class=\"eael-grid-post-excerpt\"><p>Prim\u0103ria POIANA STAMPEI POVESTE \u201e\u00cenc\u0103 din vechime, la umbra mun\u021bilor seculari, sc\u0103ldat\u0103 de fo\u0219netul r\u0103coros al Dornei, \u00ee\u0219i etala frumuse\u021bile...<\/p><a\n                            href=\"https:\/\/portcultural.usv.ro\/en\/primaria-poiana-stampei\/\"\n                            class=\"eael-post-elements-readmore-btn\">Detalii &gt;&gt;<\/a><\/div>\n                    <\/div><\/div><\/div>\n        <\/div>\n    <\/article><\/div>\n            <div class=\"clearfix\"><\/div>\n        <\/div>\t\t<\/div>\n\t\t\t\t<\/div>\n\t\t\t\t\t\t<\/div>\n\t\t\t\t\t<\/div>\n\t\t<\/div>\n\t\t\t\t\t\t\t\t<\/div>\n\t\t\t\t\t<\/div>\n\t\t<\/section>\n\t\t\t\t\t\t<\/div>\n\t\t\t\t\t\t<\/div>\n\t\t\t\t\t<\/div>","protected":false},"excerpt":{"rendered":"<p>Oamenii patrimoniului\u200b PASCAL GARNIER, Putna \u2013 Salvarea Casei Aioni\u021boaie FAMILIA B\u00ceCU, Putna \u2013 Conservarea Casei Muzeu Bukowina COLEGIUL \u201dANDRONIC MOTRESCU\u201d, R\u0103d\u0103u\u021bi \u2013 Construirea \u0219i amenajarea Casei Muzeu FAMILIA P\u0102TR\u0102UCEAN, Straja \u2013 Amenajarea Casei Muzeu Straja GRUPUL CIVIC \u201dINI\u021aIATIVE PENTRU BILCA\u201d \u2013 pentru amenajarea Parcului Prieteniei \u0219i\u00a0protejarea arhitecturii tradi\u021bionale FAMILIA RIOMMI, Vama \u2013 Salvarea a 4 &hellip;<\/p>\n<p class=\"read-more\"> <a class=\"\" href=\"https:\/\/portcultural.usv.ro\/en\/primaria-poiana-stampei\/\"> <span class=\"screen-reader-text\">Prim\u0103ria POIANA STAMPEI<\/span> Read More &raquo;<\/a><\/p>","protected":false},"author":1,"featured_media":2244,"comment_status":"closed","ping_status":"closed","sticky":false,"template":"","format":"standard","meta":[],"categories":[15],"tags":[24],"_links":{"self":[{"href":"https:\/\/portcultural.usv.ro\/en\/wp-json\/wp\/v2\/posts\/3048"}],"collection":[{"href":"https:\/\/portcultural.usv.ro\/en\/wp-json\/wp\/v2\/posts"}],"about":[{"href":"https:\/\/portcultural.usv.ro\/en\/wp-json\/wp\/v2\/types\/post"}],"author":[{"embeddable":true,"href":"https:\/\/portcultural.usv.ro\/en\/wp-json\/wp\/v2\/users\/1"}],"replies":[{"embeddable":true,"href":"https:\/\/portcultural.usv.ro\/en\/wp-json\/wp\/v2\/comments?post=3048"}],"version-history":[{"count":11,"href":"https:\/\/portcultural.usv.ro\/en\/wp-json\/wp\/v2\/posts\/3048\/revisions"}],"predecessor-version":[{"id":3156,"href":"https:\/\/portcultural.usv.ro\/en\/wp-json\/wp\/v2\/posts\/3048\/revisions\/3156"}],"wp:featuredmedia":[{"embeddable":true,"href":"https:\/\/portcultural.usv.ro\/en\/wp-json\/wp\/v2\/media\/2244"}],"wp:attachment":[{"href":"https:\/\/portcultural.usv.ro\/en\/wp-json\/wp\/v2\/media?parent=3048"}],"wp:term":[{"taxonomy":"category","embeddable":true,"href":"https:\/\/portcultural.usv.ro\/en\/wp-json\/wp\/v2\/categories?post=3048"},{"taxonomy":"post_tag","embeddable":true,"href":"https:\/\/portcultural.usv.ro\/en\/wp-json\/wp\/v2\/tags?post=3048"}],"curies":[{"name":"wp","href":"https:\/\/api.w.org\/{rel}","templated":true}]}}