{"id":3773,"date":"2021-05-19T12:21:30","date_gmt":"2021-05-19T09:21:30","guid":{"rendered":"https:\/\/portcultural.usv.ro\/tm_bistra-muresului_ps_2019\/"},"modified":"2021-06-18T12:35:55","modified_gmt":"2021-06-18T09:35:55","slug":"tm_bistra-muresului_ps_2019","status":"publish","type":"post","link":"https:\/\/portcultural.usv.ro\/en\/tm_bistra-muresului_ps_2019\/","title":{"rendered":"TM_Bistra Mure\u0219ului_PS_2019"},"content":{"rendered":"<p><a href=\"https:\/\/drive.google.com\/uc?id=1BoYZPJV1lrZcaQ6cGmETPzglqw62HKAG\" target=\"_blank\" rel=\"noopener noreferrer\"><img class=\"alignleft\" src=\"https:\/\/drive.google.com\/uc?id=1BoYZPJV1lrZcaQ6cGmETPzglqw62HKAG\" alt=\"\" width=\"410\" \/><\/a><strong>Zona etnografic\u0103: <\/strong>Transilvania<br \/><strong>Localitatea: <\/strong>Bistra Mure\u0219ului<br \/><strong>Descriere succinta: <\/strong> Cas\u0103 cu specific maghiar, construit\u0103 \u00een anii 1940. Este situat\u0103 la drumul principal. \u00cen prezent, este locuit\u0103 de o familie de persoane \u00een v\u00e2rst\u0103. Casa a fost construit\u0103 de ace\u0219tia \u00een tinere\u021be. Nu a suferit modific\u0103ri semnificative de-a lungul timpului.<\/p>","protected":false},"excerpt":{"rendered":"<p>Zona etnografic\u0103: TransilvaniaLocalitatea: Bistra Mure\u0219uluiDescriere succinta: Cas\u0103 cu specific maghiar, construit\u0103 \u00een anii 1940. Este situat\u0103 la drumul principal. \u00cen prezent, este locuit\u0103 de o familie de persoane \u00een v\u00e2rst\u0103. Casa a fost construit\u0103 de ace\u0219tia \u00een tinere\u021be. Nu a suferit modific\u0103ri semnificative de-a lungul timpului.<\/p>","protected":false},"author":1,"featured_media":4344,"comment_status":"closed","ping_status":"open","sticky":false,"template":"","format":"standard","meta":[],"categories":[30],"tags":[],"_links":{"self":[{"href":"https:\/\/portcultural.usv.ro\/en\/wp-json\/wp\/v2\/posts\/3773"}],"collection":[{"href":"https:\/\/portcultural.usv.ro\/en\/wp-json\/wp\/v2\/posts"}],"about":[{"href":"https:\/\/portcultural.usv.ro\/en\/wp-json\/wp\/v2\/types\/post"}],"author":[{"embeddable":true,"href":"https:\/\/portcultural.usv.ro\/en\/wp-json\/wp\/v2\/users\/1"}],"replies":[{"embeddable":true,"href":"https:\/\/portcultural.usv.ro\/en\/wp-json\/wp\/v2\/comments?post=3773"}],"version-history":[{"count":2,"href":"https:\/\/portcultural.usv.ro\/en\/wp-json\/wp\/v2\/posts\/3773\/revisions"}],"predecessor-version":[{"id":4300,"href":"https:\/\/portcultural.usv.ro\/en\/wp-json\/wp\/v2\/posts\/3773\/revisions\/4300"}],"wp:featuredmedia":[{"embeddable":true,"href":"https:\/\/portcultural.usv.ro\/en\/wp-json\/wp\/v2\/media\/4344"}],"wp:attachment":[{"href":"https:\/\/portcultural.usv.ro\/en\/wp-json\/wp\/v2\/media?parent=3773"}],"wp:term":[{"taxonomy":"category","embeddable":true,"href":"https:\/\/portcultural.usv.ro\/en\/wp-json\/wp\/v2\/categories?post=3773"},{"taxonomy":"post_tag","embeddable":true,"href":"https:\/\/portcultural.usv.ro\/en\/wp-json\/wp\/v2\/tags?post=3773"}],"curies":[{"name":"wp","href":"https:\/\/api.w.org\/{rel}","templated":true}]}}