{"id":3778,"date":"2021-05-04T00:48:10","date_gmt":"2021-05-03T21:48:10","guid":{"rendered":"https:\/\/portcultural.usv.ro\/tm_idicel-padure_fam_2018\/"},"modified":"2021-06-18T12:35:57","modified_gmt":"2021-06-18T09:35:57","slug":"tm_idicel-padure_fam_2018","status":"publish","type":"post","link":"https:\/\/portcultural.usv.ro\/en\/tm_idicel-padure_fam_2018\/","title":{"rendered":"TM_Idicel P\u0103dure_FaM_2018"},"content":{"rendered":"<p><a href=\"https:\/\/drive.google.com\/uc?id=16V-YU7lzlRYznve1g8tMKKWhTaKfA3LW\" target=\"_blank\" rel=\"noopener noreferrer\"><img class=\"alignleft\" src=\"https:\/\/drive.google.com\/uc?id=16V-YU7lzlRYznve1g8tMKKWhTaKfA3LW\" alt=\"\" width=\"410\" \/><\/a><strong>Zona etnografic\u0103: <\/strong>Transilvania<br \/><strong>Localitatea: <\/strong>Idicel P\u0103dure<br \/><strong>Descriere succinta: <\/strong> Casa a fost construit\u0103 \u00een jurul anilor 1900-1910 de c\u0103tre bunicii doamnei,  cu ajutorul persoanelor din localitate. Aceasta a fost primit\u0103 mo\u0219tenire din genera\u021bie \u00een genera\u021bie. Casa este f\u0103cut\u0103 din lemn \u0219i are temelie de piatr\u0103. Casa a fost locuit\u0103 doar de c\u0103tre rom\u00e2ni, aspect eviden\u021biat \u0219i din tehnica de construc\u021bie \u2013 este o cas\u0103 tipic rom\u00e2neasc\u0103.<br \/>\nConstruc\u021bia ini\u021bial\u0103 este similar\u0103 cu construc\u021bia actual\u0103, suferind \u00eens\u0103 c\u00e2teva modific\u0103ri. Acoperi\u0219ul casei este format din 4 ape, fiind  realizat pe grinzi de lemn \u0219i grinzi \u00eembinate. Acoperi\u0219ul ini\u021bial era din \u0219indril\u0103, dar deoarece \u201ela \u00eenceput picura, apoi ploua, maic\u0103, r\u0103u \u00een cas\u0103\u201d acesta a fost schimbat.<\/p>","protected":false},"excerpt":{"rendered":"<p>Zona etnografic\u0103: TransilvaniaLocalitatea: Idicel P\u0103dureDescriere succinta: Casa a fost construit\u0103 \u00een jurul anilor 1900-1910 de c\u0103tre bunicii doamnei, cu ajutorul persoanelor din localitate. Aceasta a fost primit\u0103 mo\u0219tenire din genera\u021bie \u00een genera\u021bie. Casa este f\u0103cut\u0103 din lemn \u0219i are temelie de piatr\u0103. Casa a fost locuit\u0103 doar de c\u0103tre rom\u00e2ni, aspect eviden\u021biat \u0219i din tehnica &hellip;<\/p>\n<p class=\"read-more\"> <a class=\"\" href=\"https:\/\/portcultural.usv.ro\/en\/tm_idicel-padure_fam_2018\/\"> <span class=\"screen-reader-text\">TM_Idicel P\u0103dure_FaM_2018<\/span> Read More &raquo;<\/a><\/p>","protected":false},"author":1,"featured_media":4553,"comment_status":"closed","ping_status":"open","sticky":false,"template":"","format":"standard","meta":[],"categories":[30],"tags":[],"_links":{"self":[{"href":"https:\/\/portcultural.usv.ro\/en\/wp-json\/wp\/v2\/posts\/3778"}],"collection":[{"href":"https:\/\/portcultural.usv.ro\/en\/wp-json\/wp\/v2\/posts"}],"about":[{"href":"https:\/\/portcultural.usv.ro\/en\/wp-json\/wp\/v2\/types\/post"}],"author":[{"embeddable":true,"href":"https:\/\/portcultural.usv.ro\/en\/wp-json\/wp\/v2\/users\/1"}],"replies":[{"embeddable":true,"href":"https:\/\/portcultural.usv.ro\/en\/wp-json\/wp\/v2\/comments?post=3778"}],"version-history":[{"count":2,"href":"https:\/\/portcultural.usv.ro\/en\/wp-json\/wp\/v2\/posts\/3778\/revisions"}],"predecessor-version":[{"id":4526,"href":"https:\/\/portcultural.usv.ro\/en\/wp-json\/wp\/v2\/posts\/3778\/revisions\/4526"}],"wp:featuredmedia":[{"embeddable":true,"href":"https:\/\/portcultural.usv.ro\/en\/wp-json\/wp\/v2\/media\/4553"}],"wp:attachment":[{"href":"https:\/\/portcultural.usv.ro\/en\/wp-json\/wp\/v2\/media?parent=3778"}],"wp:term":[{"taxonomy":"category","embeddable":true,"href":"https:\/\/portcultural.usv.ro\/en\/wp-json\/wp\/v2\/categories?post=3778"},{"taxonomy":"post_tag","embeddable":true,"href":"https:\/\/portcultural.usv.ro\/en\/wp-json\/wp\/v2\/tags?post=3778"}],"curies":[{"name":"wp","href":"https:\/\/api.w.org\/{rel}","templated":true}]}}