{"id":3780,"date":"2021-05-16T17:46:23","date_gmt":"2021-05-16T14:46:23","guid":{"rendered":"https:\/\/portcultural.usv.ro\/tm_idicel-padure_moi_2018\/"},"modified":"2021-06-18T12:35:56","modified_gmt":"2021-06-18T09:35:56","slug":"tm_idicel-padure_moi_2018","status":"publish","type":"post","link":"https:\/\/portcultural.usv.ro\/en\/tm_idicel-padure_moi_2018\/","title":{"rendered":"TM_Idicel P\u0103dure_MoI_2018"},"content":{"rendered":"<p><a href=\"https:\/\/drive.google.com\/uc?id=1GJBWrKKFpd5uMhs-DwczQO6yKWJgO0iD\" target=\"_blank\" rel=\"noopener noreferrer\"><img class=\"alignleft\" src=\"https:\/\/drive.google.com\/uc?id=1GJBWrKKFpd5uMhs-DwczQO6yKWJgO0iD\" alt=\"\" width=\"410\" \/><\/a><strong>Zona etnografic\u0103: <\/strong>Transilvania<br \/><strong>Localitatea: <\/strong>Idicel P\u0103dure<br \/><strong>Descriere succinta: <\/strong> Casa este construit\u0103 pe funda\u021bie de piatr\u0103, av\u00e2nd pere\u021bii din c\u0103r\u0103mid\u0103, aspect neobi\u0219nuit pentru perioada respectiv\u0103. Din spusele vecinilor, rudele proprietariilor erau oameni \u00eenst\u0103ri\u021bi, care considerau c\u0103 o \u201dcas\u0103 din c\u0103r\u0103mid\u0103 \u00eei mai rezistent\u0103 dec\u00e2t una din lemn, re\u021bine mai mult\u0103 c\u0103ldur\u0103 \u0219i p\u0103streaz\u0103 temperatura rece \u00een timpul verii\u201d. Casa dispune de dou\u0103 camere \u0219i de un t\u00e2rna\u021b din lemn al c\u0103ror sc\u00e2nduri sunt scluptate cu motive tradi\u021bionale. Sc\u0103rile din fa\u021ba intr\u0103rii au fost construite ulterior de c\u0103tre proprietari.<\/p>","protected":false},"excerpt":{"rendered":"<p>Zona etnografic\u0103: TransilvaniaLocalitatea: Idicel P\u0103dureDescriere succinta: Casa este construit\u0103 pe funda\u021bie de piatr\u0103, av\u00e2nd pere\u021bii din c\u0103r\u0103mid\u0103, aspect neobi\u0219nuit pentru perioada respectiv\u0103. Din spusele vecinilor, rudele proprietariilor erau oameni \u00eenst\u0103ri\u021bi, care considerau c\u0103 o \u201dcas\u0103 din c\u0103r\u0103mid\u0103 \u00eei mai rezistent\u0103 dec\u00e2t una din lemn, re\u021bine mai mult\u0103 c\u0103ldur\u0103 \u0219i p\u0103streaz\u0103 temperatura rece \u00een timpul verii\u201d. &hellip;<\/p>\n<p class=\"read-more\"> <a class=\"\" href=\"https:\/\/portcultural.usv.ro\/en\/tm_idicel-padure_moi_2018\/\"> <span class=\"screen-reader-text\">TM_Idicel P\u0103dure_MoI_2018<\/span> Read More &raquo;<\/a><\/p>","protected":false},"author":1,"featured_media":4408,"comment_status":"closed","ping_status":"open","sticky":false,"template":"","format":"standard","meta":[],"categories":[30],"tags":[],"_links":{"self":[{"href":"https:\/\/portcultural.usv.ro\/en\/wp-json\/wp\/v2\/posts\/3780"}],"collection":[{"href":"https:\/\/portcultural.usv.ro\/en\/wp-json\/wp\/v2\/posts"}],"about":[{"href":"https:\/\/portcultural.usv.ro\/en\/wp-json\/wp\/v2\/types\/post"}],"author":[{"embeddable":true,"href":"https:\/\/portcultural.usv.ro\/en\/wp-json\/wp\/v2\/users\/1"}],"replies":[{"embeddable":true,"href":"https:\/\/portcultural.usv.ro\/en\/wp-json\/wp\/v2\/comments?post=3780"}],"version-history":[{"count":2,"href":"https:\/\/portcultural.usv.ro\/en\/wp-json\/wp\/v2\/posts\/3780\/revisions"}],"predecessor-version":[{"id":4365,"href":"https:\/\/portcultural.usv.ro\/en\/wp-json\/wp\/v2\/posts\/3780\/revisions\/4365"}],"wp:featuredmedia":[{"embeddable":true,"href":"https:\/\/portcultural.usv.ro\/en\/wp-json\/wp\/v2\/media\/4408"}],"wp:attachment":[{"href":"https:\/\/portcultural.usv.ro\/en\/wp-json\/wp\/v2\/media?parent=3780"}],"wp:term":[{"taxonomy":"category","embeddable":true,"href":"https:\/\/portcultural.usv.ro\/en\/wp-json\/wp\/v2\/categories?post=3780"},{"taxonomy":"post_tag","embeddable":true,"href":"https:\/\/portcultural.usv.ro\/en\/wp-json\/wp\/v2\/tags?post=3780"}],"curies":[{"name":"wp","href":"https:\/\/api.w.org\/{rel}","templated":true}]}}