{"id":3788,"date":"2021-05-19T20:09:01","date_gmt":"2021-05-19T17:09:01","guid":{"rendered":"https:\/\/portcultural.usv.ro\/tm_nima-raciului_bi_2018\/"},"modified":"2021-06-18T12:35:55","modified_gmt":"2021-06-18T09:35:55","slug":"tm_nima-raciului_bi_2018","status":"publish","type":"post","link":"https:\/\/portcultural.usv.ro\/en\/tm_nima-raciului_bi_2018\/","title":{"rendered":"TM_Nima R\u00e2ciului_BI_2018"},"content":{"rendered":"<p><a href=\"https:\/\/drive.google.com\/uc?id=1WG2Fya5oOg8cBywWcZpcKn6T3lHbat3U\" target=\"_blank\" rel=\"noopener noreferrer\"><img class=\"alignleft\" src=\"https:\/\/drive.google.com\/uc?id=1WG2Fya5oOg8cBywWcZpcKn6T3lHbat3U\" alt=\"\" width=\"410\" \/><\/a><strong>Zona etnografic\u0103: <\/strong>Transilvania<br \/><strong>Localitatea: <\/strong>Nima R\u00e2ciului<br \/><strong>Descriere succinta: <\/strong> Cas\u0103 rom\u00e2neasc\u0103 construit\u0103 din lemn, pe temelie de piatr\u0103 de r\u00e2u, \u00een anul 1942. Casa ini\u021bial\u0103 a suferit modific\u0103ri \u00een ceea ce prive\u0219te aspectul exterior (cerdacul \u0219i prispa au fost \u00eenchise cu lemn \u0219i pexiglas). \u00cen spatele casei vechi se construie\u0219te o cas\u0103 nou\u0103 pentru unul din copiii proprietarilor. Grajdul cu animale este constituit ca o parte din \u0219ur\u0103. Soprul este construit din lemn \u0219i este utilizat \u00een totalitate pentru depozitarea utilajelor \u0219i a altor bunuri necesare \u00een gospod\u0103rie. Cote\u021bele de g\u0103ini \u0219i porci, magazia \u0219i co\u0219arul pentru depozitarea porumbului sunt construite din lemn \u0219i c\u0103r\u0103mid\u0103 \u0219i sunt utilizate \u00een totalitate pe parcursul \u00eentregului an.<\/p>","protected":false},"excerpt":{"rendered":"<p>Zona etnografic\u0103: TransilvaniaLocalitatea: Nima R\u00e2ciuluiDescriere succinta: Cas\u0103 rom\u00e2neasc\u0103 construit\u0103 din lemn, pe temelie de piatr\u0103 de r\u00e2u, \u00een anul 1942. Casa ini\u021bial\u0103 a suferit modific\u0103ri \u00een ceea ce prive\u0219te aspectul exterior (cerdacul \u0219i prispa au fost \u00eenchise cu lemn \u0219i pexiglas). \u00cen spatele casei vechi se construie\u0219te o cas\u0103 nou\u0103 pentru unul din copiii proprietarilor. &hellip;<\/p>\n<p class=\"read-more\"> <a class=\"\" href=\"https:\/\/portcultural.usv.ro\/en\/tm_nima-raciului_bi_2018\/\"> <span class=\"screen-reader-text\">TM_Nima R\u00e2ciului_BI_2018<\/span> Read More &raquo;<\/a><\/p>","protected":false},"author":1,"featured_media":4342,"comment_status":"closed","ping_status":"open","sticky":false,"template":"","format":"standard","meta":[],"categories":[30],"tags":[],"_links":{"self":[{"href":"https:\/\/portcultural.usv.ro\/en\/wp-json\/wp\/v2\/posts\/3788"}],"collection":[{"href":"https:\/\/portcultural.usv.ro\/en\/wp-json\/wp\/v2\/posts"}],"about":[{"href":"https:\/\/portcultural.usv.ro\/en\/wp-json\/wp\/v2\/types\/post"}],"author":[{"embeddable":true,"href":"https:\/\/portcultural.usv.ro\/en\/wp-json\/wp\/v2\/users\/1"}],"replies":[{"embeddable":true,"href":"https:\/\/portcultural.usv.ro\/en\/wp-json\/wp\/v2\/comments?post=3788"}],"version-history":[{"count":2,"href":"https:\/\/portcultural.usv.ro\/en\/wp-json\/wp\/v2\/posts\/3788\/revisions"}],"predecessor-version":[{"id":4296,"href":"https:\/\/portcultural.usv.ro\/en\/wp-json\/wp\/v2\/posts\/3788\/revisions\/4296"}],"wp:featuredmedia":[{"embeddable":true,"href":"https:\/\/portcultural.usv.ro\/en\/wp-json\/wp\/v2\/media\/4342"}],"wp:attachment":[{"href":"https:\/\/portcultural.usv.ro\/en\/wp-json\/wp\/v2\/media?parent=3788"}],"wp:term":[{"taxonomy":"category","embeddable":true,"href":"https:\/\/portcultural.usv.ro\/en\/wp-json\/wp\/v2\/categories?post=3788"},{"taxonomy":"post_tag","embeddable":true,"href":"https:\/\/portcultural.usv.ro\/en\/wp-json\/wp\/v2\/tags?post=3788"}],"curies":[{"name":"wp","href":"https:\/\/api.w.org\/{rel}","templated":true}]}}