{"id":3793,"date":"2021-06-01T13:27:45","date_gmt":"2021-06-01T10:27:45","guid":{"rendered":"https:\/\/portcultural.usv.ro\/tm_sanmartinul-de-campie_gc_2019\/"},"modified":"2021-06-18T12:35:24","modified_gmt":"2021-06-18T09:35:24","slug":"tm_sanmartinul-de-campie_gc_2019","status":"publish","type":"post","link":"https:\/\/portcultural.usv.ro\/en\/tm_sanmartinul-de-campie_gc_2019\/","title":{"rendered":"TM_S\u00e2nm\u0103rtinul de C\u00e2mpie_GC_2019"},"content":{"rendered":"<p><a href=\"https:\/\/drive.google.com\/uc?id=1zyLWHq-bvXcf6Dq-GfP8kZKTFNIu0Khz\" target=\"_blank\" rel=\"noopener noreferrer\"><img class=\"alignleft\" src=\"https:\/\/drive.google.com\/uc?id=1zyLWHq-bvXcf6Dq-GfP8kZKTFNIu0Khz\" alt=\"\" width=\"410\" \/><\/a><strong>Zona etnografic\u0103: <\/strong>Transilvania<br \/>\n<strong>Localitatea: <\/strong>S\u00e2nm\u0103rtinul de C\u00e2mpie<br \/>\n<strong>Descriere succinta: <\/strong> Casa a fost construit\u0103 de p\u0103rin\u021bii actualului proprietar, fiindu-i l\u0103sat\u0103 mo\u0219tenire lui \u0219i familiei lui. Construc\u021bia acesteia a fost demarat\u0103 \u00een anii 1930, fiind finalizat\u0103 \u00een \u00eentregime \u00een anul 1940. Casa ini\u021bial\u0103 a fost construit\u0103 din lemn uns cu lut, finisat\u0103 cu p\u0103m\u00e2nt, av\u00e2nd temelia de piatr\u0103. Al\u0103turi de casa \u00een care se locuia, proprietarul a construit o anex\u0103 din lemn \u00een stil tradi\u021bional rom\u00e2nesc, fiind \u00eentre\u021binut\u0103 p\u00e2n\u0103 \u00een ziua de ast\u0103zi \u0219i utilizat\u0103 ca magazie. De-a lungul timpului, au fost construite diverse anexe gospod\u0103re\u0219ti, \u00een stil tradi\u021bional rom\u00e2nesc, chiar dac\u0103, majoritatea, sunt construite din c\u0103r\u0103mid\u0103 (material ales pentru rezisten\u021ba \u0219i pentru utilitatea acestuia). Gospod\u0103ria este a\u0219ezat\u0103 \u00een forma literei \u201eL\u201d pe partea st\u00e2ng\u0103 a propriet\u0103\u021bii.<\/p>","protected":false},"excerpt":{"rendered":"<p>Zona etnografic\u0103: Transilvania Localitatea: S\u00e2nm\u0103rtinul de C\u00e2mpie Descriere succinta: Casa a fost construit\u0103 de p\u0103rin\u021bii actualului proprietar, fiindu-i l\u0103sat\u0103 mo\u0219tenire lui \u0219i familiei lui. Construc\u021bia acesteia a fost demarat\u0103 \u00een anii 1930, fiind finalizat\u0103 \u00een \u00eentregime \u00een anul 1940. Casa ini\u021bial\u0103 a fost construit\u0103 din lemn uns cu lut, finisat\u0103 cu p\u0103m\u00e2nt, av\u00e2nd temelia de &hellip;<\/p>\n<p class=\"read-more\"> <a class=\"\" href=\"https:\/\/portcultural.usv.ro\/en\/tm_sanmartinul-de-campie_gc_2019\/\"> <span class=\"screen-reader-text\">TM_S\u00e2nm\u0103rtinul de C\u00e2mpie_GC_2019<\/span> Read More &raquo;<\/a><\/p>","protected":false},"author":1,"featured_media":4162,"comment_status":"closed","ping_status":"open","sticky":false,"template":"","format":"standard","meta":[],"categories":[30],"tags":[],"_links":{"self":[{"href":"https:\/\/portcultural.usv.ro\/en\/wp-json\/wp\/v2\/posts\/3793"}],"collection":[{"href":"https:\/\/portcultural.usv.ro\/en\/wp-json\/wp\/v2\/posts"}],"about":[{"href":"https:\/\/portcultural.usv.ro\/en\/wp-json\/wp\/v2\/types\/post"}],"author":[{"embeddable":true,"href":"https:\/\/portcultural.usv.ro\/en\/wp-json\/wp\/v2\/users\/1"}],"replies":[{"embeddable":true,"href":"https:\/\/portcultural.usv.ro\/en\/wp-json\/wp\/v2\/comments?post=3793"}],"version-history":[{"count":2,"href":"https:\/\/portcultural.usv.ro\/en\/wp-json\/wp\/v2\/posts\/3793\/revisions"}],"predecessor-version":[{"id":4173,"href":"https:\/\/portcultural.usv.ro\/en\/wp-json\/wp\/v2\/posts\/3793\/revisions\/4173"}],"wp:featuredmedia":[{"embeddable":true,"href":"https:\/\/portcultural.usv.ro\/en\/wp-json\/wp\/v2\/media\/4162"}],"wp:attachment":[{"href":"https:\/\/portcultural.usv.ro\/en\/wp-json\/wp\/v2\/media?parent=3793"}],"wp:term":[{"taxonomy":"category","embeddable":true,"href":"https:\/\/portcultural.usv.ro\/en\/wp-json\/wp\/v2\/categories?post=3793"},{"taxonomy":"post_tag","embeddable":true,"href":"https:\/\/portcultural.usv.ro\/en\/wp-json\/wp\/v2\/tags?post=3793"}],"curies":[{"name":"wp","href":"https:\/\/api.w.org\/{rel}","templated":true}]}}