{"id":3809,"date":"2021-06-08T16:50:14","date_gmt":"2021-06-08T13:50:14","guid":{"rendered":"https:\/\/portcultural.usv.ro\/tm_saschiz_mt_2019\/"},"modified":"2021-06-18T12:35:24","modified_gmt":"2021-06-18T09:35:24","slug":"tm_saschiz_mt_2019","status":"publish","type":"post","link":"https:\/\/portcultural.usv.ro\/en\/tm_saschiz_mt_2019\/","title":{"rendered":"TM_Saschiz_MT_2019"},"content":{"rendered":"<p><a href=\"https:\/\/drive.google.com\/uc?id=1veR1h0dyPML3FmaLag1k6-0X3xOFxVeg\" target=\"_blank\" rel=\"noopener noreferrer\"><img class=\"alignleft\" src=\"https:\/\/drive.google.com\/uc?id=1veR1h0dyPML3FmaLag1k6-0X3xOFxVeg\" alt=\"\" width=\"410\" \/><\/a><strong>Zona etnografic\u0103: <\/strong>Transilvania<br \/><strong>Localitatea: <\/strong>Saschiz<br \/><strong>Descriere succinta: <\/strong> Cas\u0103 specific s\u0103seasc\u0103,  construit\u0103 \u00een anii 1800. A fost recent revopsit\u0103. A suferit pu\u021bine modific\u0103ri interioare \u0219i exterioare.<\/p>","protected":false},"excerpt":{"rendered":"<p>Zona etnografic\u0103: TransilvaniaLocalitatea: SaschizDescriere succinta: Cas\u0103 specific s\u0103seasc\u0103, construit\u0103 \u00een anii 1800. A fost recent revopsit\u0103. A suferit pu\u021bine modific\u0103ri interioare \u0219i exterioare.<\/p>","protected":false},"author":1,"featured_media":4075,"comment_status":"closed","ping_status":"open","sticky":false,"template":"","format":"standard","meta":[],"categories":[30],"tags":[],"_links":{"self":[{"href":"https:\/\/portcultural.usv.ro\/en\/wp-json\/wp\/v2\/posts\/3809"}],"collection":[{"href":"https:\/\/portcultural.usv.ro\/en\/wp-json\/wp\/v2\/posts"}],"about":[{"href":"https:\/\/portcultural.usv.ro\/en\/wp-json\/wp\/v2\/types\/post"}],"author":[{"embeddable":true,"href":"https:\/\/portcultural.usv.ro\/en\/wp-json\/wp\/v2\/users\/1"}],"replies":[{"embeddable":true,"href":"https:\/\/portcultural.usv.ro\/en\/wp-json\/wp\/v2\/comments?post=3809"}],"version-history":[{"count":2,"href":"https:\/\/portcultural.usv.ro\/en\/wp-json\/wp\/v2\/posts\/3809\/revisions"}],"predecessor-version":[{"id":4043,"href":"https:\/\/portcultural.usv.ro\/en\/wp-json\/wp\/v2\/posts\/3809\/revisions\/4043"}],"wp:featuredmedia":[{"embeddable":true,"href":"https:\/\/portcultural.usv.ro\/en\/wp-json\/wp\/v2\/media\/4075"}],"wp:attachment":[{"href":"https:\/\/portcultural.usv.ro\/en\/wp-json\/wp\/v2\/media?parent=3809"}],"wp:term":[{"taxonomy":"category","embeddable":true,"href":"https:\/\/portcultural.usv.ro\/en\/wp-json\/wp\/v2\/categories?post=3809"},{"taxonomy":"post_tag","embeddable":true,"href":"https:\/\/portcultural.usv.ro\/en\/wp-json\/wp\/v2\/tags?post=3809"}],"curies":[{"name":"wp","href":"https:\/\/api.w.org\/{rel}","templated":true}]}}