{"id":3811,"date":"2021-05-01T07:50:49","date_gmt":"2021-05-01T04:50:49","guid":{"rendered":"https:\/\/portcultural.usv.ro\/tm_stanceni_bm_2018\/"},"modified":"2021-06-18T11:36:22","modified_gmt":"2021-06-18T08:36:22","slug":"tm_stanceni_bm_2018","status":"publish","type":"post","link":"https:\/\/portcultural.usv.ro\/en\/tm_stanceni_bm_2018\/","title":{"rendered":"TM_St\u00e2nceni_BM_2018"},"content":{"rendered":"<p><a href=\"https:\/\/drive.google.com\/uc?id=1bxAc5fsLk8AxzluzLF0Dg1rXyrHL4nQK\" target=\"_blank\" rel=\"noopener noreferrer\"><img class=\"alignleft\" src=\"https:\/\/drive.google.com\/uc?id=1bxAc5fsLk8AxzluzLF0Dg1rXyrHL4nQK\" alt=\"\" width=\"410\" \/><\/a><strong>Zona etnografic\u0103: <\/strong>Transilvania<br \/><strong>Localitatea: <\/strong>St\u00e2nceni<br \/><strong>Descriere succinta: <\/strong> Casa a fost construit\u0103 \u00een jurul anilor 1920-1930, anul precis al construc\u021biei nefiind cunoscut cu certitudine. Aceasta se afl\u0103 pe o arter\u0103 secundar\u0103 a localit\u0103\u021bii St\u00eenceni. Casa a fost ridicat\u0103 de me\u0219teri din localitate \u0219i de rudele primului proprietar, av\u00e2nd pere\u021bii de lemn \u0219i temelia de piatr\u0103. Construc\u021bia ini\u021bial\u0103 este similar\u0103 cu construc\u021bia actual\u0103, suferind foarte pu\u021bine modific\u0103ri. Acoperi\u0219ul casei este format din 4 ape, fiind  realizat pe grinzi de lemn \u0219i grinzi \u00eembinate.  Casa este vopsit\u0103 \u00een culori atipice zonei \u0219i con\u021bine elemente decorative tencuite unice \u00een zon\u0103, fiind \u00eembinate cu forme geometrice specifice zonei.<\/p>","protected":false},"excerpt":{"rendered":"<p>Zona etnografic\u0103: TransilvaniaLocalitatea: St\u00e2nceniDescriere succinta: Casa a fost construit\u0103 \u00een jurul anilor 1920-1930, anul precis al construc\u021biei nefiind cunoscut cu certitudine. Aceasta se afl\u0103 pe o arter\u0103 secundar\u0103 a localit\u0103\u021bii St\u00eenceni. Casa a fost ridicat\u0103 de me\u0219teri din localitate \u0219i de rudele primului proprietar, av\u00e2nd pere\u021bii de lemn \u0219i temelia de piatr\u0103. Construc\u021bia ini\u021bial\u0103 este &hellip;<\/p>\n<p class=\"read-more\"> <a class=\"\" href=\"https:\/\/portcultural.usv.ro\/en\/tm_stanceni_bm_2018\/\"> <span class=\"screen-reader-text\">TM_St\u00e2nceni_BM_2018<\/span> Read More &raquo;<\/a><\/p>","protected":false},"author":1,"featured_media":4594,"comment_status":"closed","ping_status":"open","sticky":false,"template":"","format":"standard","meta":[],"categories":[30],"tags":[],"_links":{"self":[{"href":"https:\/\/portcultural.usv.ro\/en\/wp-json\/wp\/v2\/posts\/3811"}],"collection":[{"href":"https:\/\/portcultural.usv.ro\/en\/wp-json\/wp\/v2\/posts"}],"about":[{"href":"https:\/\/portcultural.usv.ro\/en\/wp-json\/wp\/v2\/types\/post"}],"author":[{"embeddable":true,"href":"https:\/\/portcultural.usv.ro\/en\/wp-json\/wp\/v2\/users\/1"}],"replies":[{"embeddable":true,"href":"https:\/\/portcultural.usv.ro\/en\/wp-json\/wp\/v2\/comments?post=3811"}],"version-history":[{"count":2,"href":"https:\/\/portcultural.usv.ro\/en\/wp-json\/wp\/v2\/posts\/3811\/revisions"}],"predecessor-version":[{"id":4580,"href":"https:\/\/portcultural.usv.ro\/en\/wp-json\/wp\/v2\/posts\/3811\/revisions\/4580"}],"wp:featuredmedia":[{"embeddable":true,"href":"https:\/\/portcultural.usv.ro\/en\/wp-json\/wp\/v2\/media\/4594"}],"wp:attachment":[{"href":"https:\/\/portcultural.usv.ro\/en\/wp-json\/wp\/v2\/media?parent=3811"}],"wp:term":[{"taxonomy":"category","embeddable":true,"href":"https:\/\/portcultural.usv.ro\/en\/wp-json\/wp\/v2\/categories?post=3811"},{"taxonomy":"post_tag","embeddable":true,"href":"https:\/\/portcultural.usv.ro\/en\/wp-json\/wp\/v2\/tags?post=3811"}],"curies":[{"name":"wp","href":"https:\/\/api.w.org\/{rel}","templated":true}]}}