{"id":3814,"date":"2021-05-13T10:09:12","date_gmt":"2021-05-13T07:09:12","guid":{"rendered":"https:\/\/portcultural.usv.ro\/tm_stanceni_fa_2019\/"},"modified":"2021-06-18T12:35:56","modified_gmt":"2021-06-18T09:35:56","slug":"tm_stanceni_fa_2019","status":"publish","type":"post","link":"https:\/\/portcultural.usv.ro\/en\/tm_stanceni_fa_2019\/","title":{"rendered":"TM_St\u00e2nceni_FA_2019"},"content":{"rendered":"<p><a href=\"https:\/\/drive.google.com\/uc?id=1qyWI7WLM7gCpAfAR1mdLJECHpfbOzFG6\" target=\"_blank\" rel=\"noopener noreferrer\"><img class=\"alignleft\" src=\"https:\/\/drive.google.com\/uc?id=1qyWI7WLM7gCpAfAR1mdLJECHpfbOzFG6\" alt=\"\" width=\"410\" \/><\/a><strong>Zona etnografic\u0103: <\/strong>Transilvania<br \/><strong>Localitatea: <\/strong>St\u00e2nceni<br \/><strong>Descriere succinta: <\/strong> Cas\u0103 construit\u0103 \u00een timpul Celui de-al Doilea R\u0103zboi Mondial, locuit\u0103 de o familie de maghiari. Casa a suferit numeroase interven\u021bii de-a lungul timpului, precum schimbat de u\u0219i, geamuri, \u00een\u0103l\u021bat acoperi\u0219.<\/p>","protected":false},"excerpt":{"rendered":"<p>Zona etnografic\u0103: TransilvaniaLocalitatea: St\u00e2nceniDescriere succinta: Cas\u0103 construit\u0103 \u00een timpul Celui de-al Doilea R\u0103zboi Mondial, locuit\u0103 de o familie de maghiari. Casa a suferit numeroase interven\u021bii de-a lungul timpului, precum schimbat de u\u0219i, geamuri, \u00een\u0103l\u021bat acoperi\u0219.<\/p>","protected":false},"author":1,"featured_media":4435,"comment_status":"closed","ping_status":"open","sticky":false,"template":"","format":"standard","meta":[],"categories":[30],"tags":[],"_links":{"self":[{"href":"https:\/\/portcultural.usv.ro\/en\/wp-json\/wp\/v2\/posts\/3814"}],"collection":[{"href":"https:\/\/portcultural.usv.ro\/en\/wp-json\/wp\/v2\/posts"}],"about":[{"href":"https:\/\/portcultural.usv.ro\/en\/wp-json\/wp\/v2\/types\/post"}],"author":[{"embeddable":true,"href":"https:\/\/portcultural.usv.ro\/en\/wp-json\/wp\/v2\/users\/1"}],"replies":[{"embeddable":true,"href":"https:\/\/portcultural.usv.ro\/en\/wp-json\/wp\/v2\/comments?post=3814"}],"version-history":[{"count":1,"href":"https:\/\/portcultural.usv.ro\/en\/wp-json\/wp\/v2\/posts\/3814\/revisions"}],"predecessor-version":[{"id":4434,"href":"https:\/\/portcultural.usv.ro\/en\/wp-json\/wp\/v2\/posts\/3814\/revisions\/4434"}],"wp:featuredmedia":[{"embeddable":true,"href":"https:\/\/portcultural.usv.ro\/en\/wp-json\/wp\/v2\/media\/4435"}],"wp:attachment":[{"href":"https:\/\/portcultural.usv.ro\/en\/wp-json\/wp\/v2\/media?parent=3814"}],"wp:term":[{"taxonomy":"category","embeddable":true,"href":"https:\/\/portcultural.usv.ro\/en\/wp-json\/wp\/v2\/categories?post=3814"},{"taxonomy":"post_tag","embeddable":true,"href":"https:\/\/portcultural.usv.ro\/en\/wp-json\/wp\/v2\/tags?post=3814"}],"curies":[{"name":"wp","href":"https:\/\/api.w.org\/{rel}","templated":true}]}}