{"id":3833,"date":"2021-06-08T21:33:37","date_gmt":"2021-06-08T18:33:37","guid":{"rendered":"https:\/\/portcultural.usv.ro\/ta_coltesti_ml_2018\/"},"modified":"2021-06-18T12:35:24","modified_gmt":"2021-06-18T09:35:24","slug":"ta_coltesti_ml_2018","status":"publish","type":"post","link":"https:\/\/portcultural.usv.ro\/en\/ta_coltesti_ml_2018\/","title":{"rendered":"TA_Col\u021be\u0219ti_ML_2018"},"content":{"rendered":"<p><a href=\"https:\/\/drive.google.com\/uc?id=12tuZV9iZRiEH-xEyXni_DoxNf5-KlPp-\" target=\"_blank\" rel=\"noopener noreferrer\"><img class=\"alignleft\" src=\"https:\/\/drive.google.com\/uc?id=12tuZV9iZRiEH-xEyXni_DoxNf5-KlPp-\" alt=\"\" width=\"410\" \/><\/a><strong>Zona etnografic\u0103: <\/strong>Transilvania<br \/><strong>Localitatea: <\/strong>Col\u021be\u0219ti<br \/><strong>Descriere succinta: <\/strong> Cas\u0103 specific s\u0103seasc\u0103, cu influen\u021be maghiare, construit\u0103 aproximativ \u00een anul 1940. Construc\u021bia casei a fost realizat\u0103 din c\u0103r\u0103mid\u0103 ars\u0103 \u0219i lemn (b\u00e2rne \u00eembinate la tavan \u0219i acoperi\u0219), av\u00e2nd temelia de piatr\u0103.  Acoperi\u0219ul casei este format din dou\u0103 ape \u0219i este construit din \u021bigl\u0103. Din punct de vedere al modului \u00een care casa este construit\u0103,  se remarc\u0103  existen\u021ba unor decora\u021biuni din tencuial\u0103 pe fa\u021bada casei, fiind considerate motive tradi\u021bionale specifice zonei. Acestea sunt pozi\u021bionate \u00een jurul ferestrei de la pod.<\/p>","protected":false},"excerpt":{"rendered":"<p>Zona etnografic\u0103: TransilvaniaLocalitatea: Col\u021be\u0219tiDescriere succinta: Cas\u0103 specific s\u0103seasc\u0103, cu influen\u021be maghiare, construit\u0103 aproximativ \u00een anul 1940. Construc\u021bia casei a fost realizat\u0103 din c\u0103r\u0103mid\u0103 ars\u0103 \u0219i lemn (b\u00e2rne \u00eembinate la tavan \u0219i acoperi\u0219), av\u00e2nd temelia de piatr\u0103. Acoperi\u0219ul casei este format din dou\u0103 ape \u0219i este construit din \u021bigl\u0103. Din punct de vedere al modului \u00een &hellip;<\/p>\n<p class=\"read-more\"> <a class=\"\" href=\"https:\/\/portcultural.usv.ro\/en\/ta_coltesti_ml_2018\/\"> <span class=\"screen-reader-text\">TA_Col\u021be\u0219ti_ML_2018<\/span> Read More &raquo;<\/a><\/p>","protected":false},"author":1,"featured_media":4071,"comment_status":"closed","ping_status":"open","sticky":false,"template":"","format":"standard","meta":[],"categories":[30],"tags":[],"_links":{"self":[{"href":"https:\/\/portcultural.usv.ro\/en\/wp-json\/wp\/v2\/posts\/3833"}],"collection":[{"href":"https:\/\/portcultural.usv.ro\/en\/wp-json\/wp\/v2\/posts"}],"about":[{"href":"https:\/\/portcultural.usv.ro\/en\/wp-json\/wp\/v2\/types\/post"}],"author":[{"embeddable":true,"href":"https:\/\/portcultural.usv.ro\/en\/wp-json\/wp\/v2\/users\/1"}],"replies":[{"embeddable":true,"href":"https:\/\/portcultural.usv.ro\/en\/wp-json\/wp\/v2\/comments?post=3833"}],"version-history":[{"count":2,"href":"https:\/\/portcultural.usv.ro\/en\/wp-json\/wp\/v2\/posts\/3833\/revisions"}],"predecessor-version":[{"id":4044,"href":"https:\/\/portcultural.usv.ro\/en\/wp-json\/wp\/v2\/posts\/3833\/revisions\/4044"}],"wp:featuredmedia":[{"embeddable":true,"href":"https:\/\/portcultural.usv.ro\/en\/wp-json\/wp\/v2\/media\/4071"}],"wp:attachment":[{"href":"https:\/\/portcultural.usv.ro\/en\/wp-json\/wp\/v2\/media?parent=3833"}],"wp:term":[{"taxonomy":"category","embeddable":true,"href":"https:\/\/portcultural.usv.ro\/en\/wp-json\/wp\/v2\/categories?post=3833"},{"taxonomy":"post_tag","embeddable":true,"href":"https:\/\/portcultural.usv.ro\/en\/wp-json\/wp\/v2\/tags?post=3833"}],"curies":[{"name":"wp","href":"https:\/\/api.w.org\/{rel}","templated":true}]}}