{"id":3845,"date":"2021-05-11T12:55:04","date_gmt":"2021-05-11T09:55:04","guid":{"rendered":"https:\/\/portcultural.usv.ro\/th_bradet_oi1_2019\/"},"modified":"2021-06-18T12:35:56","modified_gmt":"2021-06-18T09:35:56","slug":"th_bradet_oi1_2019","status":"publish","type":"post","link":"https:\/\/portcultural.usv.ro\/en\/th_bradet_oi1_2019\/","title":{"rendered":"TH_Br\u0103det_OI1_2019"},"content":{"rendered":"<p><a href=\"https:\/\/drive.google.com\/uc?id=1He_OOILiFiOFMjf-gqMsDDvO9hsol6pg\" target=\"_blank\" rel=\"noopener noreferrer\"><img class=\"alignleft\" src=\"https:\/\/drive.google.com\/uc?id=1He_OOILiFiOFMjf-gqMsDDvO9hsol6pg\" alt=\"\" width=\"410\" \/><\/a><strong>Zona etnografic\u0103: <\/strong>Transilvania<br \/><strong>Localitatea: <\/strong>Br\u0103det<br \/><strong>Descriere succinta: <\/strong> Cas\u0103 tradi\u021bional\u0103 construit\u0103 \u00een jurul anilor 1940-1950. Gospod\u0103ria  \u00eembin\u0103 elemente ale culturii s\u0103se\u0219ti \u0219i maghiare, Anexele gospod\u0103re\u0219ti au fost modificate de-a lungul timpului. Casa apar\u021bine unor persoane \u00een v\u00e2rst\u0103. F\u00e2nt\u00e2na este pozi\u021bionat\u0103 la marginea gospod\u0103riei, iar gardul este din lemn.<\/p>","protected":false},"excerpt":{"rendered":"<p>Zona etnografic\u0103: TransilvaniaLocalitatea: Br\u0103detDescriere succinta: Cas\u0103 tradi\u021bional\u0103 construit\u0103 \u00een jurul anilor 1940-1950. Gospod\u0103ria \u00eembin\u0103 elemente ale culturii s\u0103se\u0219ti \u0219i maghiare, Anexele gospod\u0103re\u0219ti au fost modificate de-a lungul timpului. Casa apar\u021bine unor persoane \u00een v\u00e2rst\u0103. F\u00e2nt\u00e2na este pozi\u021bionat\u0103 la marginea gospod\u0103riei, iar gardul este din lemn.<\/p>","protected":false},"author":1,"featured_media":4466,"comment_status":"closed","ping_status":"open","sticky":false,"template":"","format":"standard","meta":[],"categories":[30],"tags":[],"_links":{"self":[{"href":"https:\/\/portcultural.usv.ro\/en\/wp-json\/wp\/v2\/posts\/3845"}],"collection":[{"href":"https:\/\/portcultural.usv.ro\/en\/wp-json\/wp\/v2\/posts"}],"about":[{"href":"https:\/\/portcultural.usv.ro\/en\/wp-json\/wp\/v2\/types\/post"}],"author":[{"embeddable":true,"href":"https:\/\/portcultural.usv.ro\/en\/wp-json\/wp\/v2\/users\/1"}],"replies":[{"embeddable":true,"href":"https:\/\/portcultural.usv.ro\/en\/wp-json\/wp\/v2\/comments?post=3845"}],"version-history":[{"count":2,"href":"https:\/\/portcultural.usv.ro\/en\/wp-json\/wp\/v2\/posts\/3845\/revisions"}],"predecessor-version":[{"id":4446,"href":"https:\/\/portcultural.usv.ro\/en\/wp-json\/wp\/v2\/posts\/3845\/revisions\/4446"}],"wp:featuredmedia":[{"embeddable":true,"href":"https:\/\/portcultural.usv.ro\/en\/wp-json\/wp\/v2\/media\/4466"}],"wp:attachment":[{"href":"https:\/\/portcultural.usv.ro\/en\/wp-json\/wp\/v2\/media?parent=3845"}],"wp:term":[{"taxonomy":"category","embeddable":true,"href":"https:\/\/portcultural.usv.ro\/en\/wp-json\/wp\/v2\/categories?post=3845"},{"taxonomy":"post_tag","embeddable":true,"href":"https:\/\/portcultural.usv.ro\/en\/wp-json\/wp\/v2\/tags?post=3845"}],"curies":[{"name":"wp","href":"https:\/\/api.w.org\/{rel}","templated":true}]}}