{"id":3853,"date":"2021-05-17T12:40:22","date_gmt":"2021-05-17T09:40:22","guid":{"rendered":"https:\/\/portcultural.usv.ro\/th_danesti_c1d_2020\/"},"modified":"2021-06-18T12:35:55","modified_gmt":"2021-06-18T09:35:55","slug":"th_danesti_c1d_2020","status":"publish","type":"post","link":"https:\/\/portcultural.usv.ro\/en\/th_danesti_c1d_2020\/","title":{"rendered":"TH_Danesti_C1D_2020"},"content":{"rendered":"<p><a href=\"https:\/\/drive.google.com\/uc?id=15haXXdzmdrs4AAWY1ctt-z-Qv5rgdl8B\" target=\"_blank\" rel=\"noopener noreferrer\"><img class=\"alignleft\" src=\"https:\/\/drive.google.com\/uc?id=15haXXdzmdrs4AAWY1ctt-z-Qv5rgdl8B\" alt=\"\" width=\"410\" \/><\/a><strong>Zona etnografic\u0103: <\/strong>Transilvania<br \/><strong>Localitatea: <\/strong>Danesti<br \/><strong>Descriere succinta: <\/strong> Cas\u0103 secuiasc\u0103, construit\u0103 din c\u0103r\u0103mid\u0103 la \u00eenceputul secolului XX, cu acoperi\u0219ul \u00een dou\u0103 ape \u0219i t\u00e2rna\u021b deschis. Gospod\u0103ria este dispus\u0103 sub forma literei \u201eI\u201d. Garduleste \u00eenalt, zidit, iar poarta este din metal, cu bolt\u0103.<\/p>","protected":false},"excerpt":{"rendered":"<p>Zona etnografic\u0103: TransilvaniaLocalitatea: DanestiDescriere succinta: Cas\u0103 secuiasc\u0103, construit\u0103 din c\u0103r\u0103mid\u0103 la \u00eenceputul secolului XX, cu acoperi\u0219ul \u00een dou\u0103 ape \u0219i t\u00e2rna\u021b deschis. Gospod\u0103ria este dispus\u0103 sub forma literei \u201eI\u201d. Garduleste \u00eenalt, zidit, iar poarta este din metal, cu bolt\u0103.<\/p>","protected":false},"author":1,"featured_media":4400,"comment_status":"closed","ping_status":"open","sticky":false,"template":"","format":"standard","meta":[],"categories":[30],"tags":[],"_links":{"self":[{"href":"https:\/\/portcultural.usv.ro\/en\/wp-json\/wp\/v2\/posts\/3853"}],"collection":[{"href":"https:\/\/portcultural.usv.ro\/en\/wp-json\/wp\/v2\/posts"}],"about":[{"href":"https:\/\/portcultural.usv.ro\/en\/wp-json\/wp\/v2\/types\/post"}],"author":[{"embeddable":true,"href":"https:\/\/portcultural.usv.ro\/en\/wp-json\/wp\/v2\/users\/1"}],"replies":[{"embeddable":true,"href":"https:\/\/portcultural.usv.ro\/en\/wp-json\/wp\/v2\/comments?post=3853"}],"version-history":[{"count":2,"href":"https:\/\/portcultural.usv.ro\/en\/wp-json\/wp\/v2\/posts\/3853\/revisions"}],"predecessor-version":[{"id":4362,"href":"https:\/\/portcultural.usv.ro\/en\/wp-json\/wp\/v2\/posts\/3853\/revisions\/4362"}],"wp:featuredmedia":[{"embeddable":true,"href":"https:\/\/portcultural.usv.ro\/en\/wp-json\/wp\/v2\/media\/4400"}],"wp:attachment":[{"href":"https:\/\/portcultural.usv.ro\/en\/wp-json\/wp\/v2\/media?parent=3853"}],"wp:term":[{"taxonomy":"category","embeddable":true,"href":"https:\/\/portcultural.usv.ro\/en\/wp-json\/wp\/v2\/categories?post=3853"},{"taxonomy":"post_tag","embeddable":true,"href":"https:\/\/portcultural.usv.ro\/en\/wp-json\/wp\/v2\/tags?post=3853"}],"curies":[{"name":"wp","href":"https:\/\/api.w.org\/{rel}","templated":true}]}}