{"id":3866,"date":"2021-05-18T12:48:07","date_gmt":"2021-05-18T09:48:07","guid":{"rendered":"https:\/\/portcultural.usv.ro\/th_sub-cetate_c1sc_2020\/"},"modified":"2021-06-18T12:35:55","modified_gmt":"2021-06-18T09:35:55","slug":"th_sub-cetate_c1sc_2020","status":"publish","type":"post","link":"https:\/\/portcultural.usv.ro\/en\/th_sub-cetate_c1sc_2020\/","title":{"rendered":"TH_Sub Cetate_C1SC_2020"},"content":{"rendered":"<p><a href=\"https:\/\/drive.google.com\/uc?id=1UvGNGChhuczhZkdj6Gdu3CcjiUAfFG-z\" target=\"_blank\" rel=\"noopener noreferrer\"><img class=\"alignleft\" src=\"https:\/\/drive.google.com\/uc?id=1UvGNGChhuczhZkdj6Gdu3CcjiUAfFG-z\" alt=\"\" width=\"410\" \/><\/a><strong>Zona etnografic\u0103: <\/strong>Transilvania<br \/><strong>Localitatea: <\/strong>Sub Cetate<br \/><strong>Descriere succinta: <\/strong> Cas\u0103 cu specific maghiar, construit\u0103 \u00een prima jum\u0103tate a secolului XX, pe temelie de piatr\u0103 \u0219i structur\u0103 de lemn, cu aciperi\u021bul \u00een 4 ape, gardul fiind de lemn, cu motive tradi\u021bionale secuie\u0219ti. Casa necesit\u0103 renovare.<\/p>","protected":false},"excerpt":{"rendered":"<p>Zona etnografic\u0103: TransilvaniaLocalitatea: Sub CetateDescriere succinta: Cas\u0103 cu specific maghiar, construit\u0103 \u00een prima jum\u0103tate a secolului XX, pe temelie de piatr\u0103 \u0219i structur\u0103 de lemn, cu aciperi\u021bul \u00een 4 ape, gardul fiind de lemn, cu motive tradi\u021bionale secuie\u0219ti. Casa necesit\u0103 renovare.<\/p>","protected":false},"author":1,"featured_media":4394,"comment_status":"closed","ping_status":"open","sticky":false,"template":"","format":"standard","meta":[],"categories":[30],"tags":[],"_links":{"self":[{"href":"https:\/\/portcultural.usv.ro\/en\/wp-json\/wp\/v2\/posts\/3866"}],"collection":[{"href":"https:\/\/portcultural.usv.ro\/en\/wp-json\/wp\/v2\/posts"}],"about":[{"href":"https:\/\/portcultural.usv.ro\/en\/wp-json\/wp\/v2\/types\/post"}],"author":[{"embeddable":true,"href":"https:\/\/portcultural.usv.ro\/en\/wp-json\/wp\/v2\/users\/1"}],"replies":[{"embeddable":true,"href":"https:\/\/portcultural.usv.ro\/en\/wp-json\/wp\/v2\/comments?post=3866"}],"version-history":[{"count":2,"href":"https:\/\/portcultural.usv.ro\/en\/wp-json\/wp\/v2\/posts\/3866\/revisions"}],"predecessor-version":[{"id":4358,"href":"https:\/\/portcultural.usv.ro\/en\/wp-json\/wp\/v2\/posts\/3866\/revisions\/4358"}],"wp:featuredmedia":[{"embeddable":true,"href":"https:\/\/portcultural.usv.ro\/en\/wp-json\/wp\/v2\/media\/4394"}],"wp:attachment":[{"href":"https:\/\/portcultural.usv.ro\/en\/wp-json\/wp\/v2\/media?parent=3866"}],"wp:term":[{"taxonomy":"category","embeddable":true,"href":"https:\/\/portcultural.usv.ro\/en\/wp-json\/wp\/v2\/categories?post=3866"},{"taxonomy":"post_tag","embeddable":true,"href":"https:\/\/portcultural.usv.ro\/en\/wp-json\/wp\/v2\/tags?post=3866"}],"curies":[{"name":"wp","href":"https:\/\/api.w.org\/{rel}","templated":true}]}}