{"id":3867,"date":"2021-06-08T15:07:05","date_gmt":"2021-06-08T12:07:05","guid":{"rendered":"https:\/\/portcultural.usv.ro\/th_sub-cetate_c2sc_2020\/"},"modified":"2021-06-18T12:35:24","modified_gmt":"2021-06-18T09:35:24","slug":"th_sub-cetate_c2sc_2020","status":"publish","type":"post","link":"https:\/\/portcultural.usv.ro\/en\/th_sub-cetate_c2sc_2020\/","title":{"rendered":"TH_Sub Cetate_C2SC_2020"},"content":{"rendered":"<p><a href=\"https:\/\/drive.google.com\/uc?id=1IffusIlNMavyfBNG46Ebe_2Z7TAktTFR\" target=\"_blank\" rel=\"noopener noreferrer\"><img class=\"alignleft\" src=\"https:\/\/drive.google.com\/uc?id=1IffusIlNMavyfBNG46Ebe_2Z7TAktTFR\" alt=\"\" width=\"410\" \/><\/a><strong>Zona etnografic\u0103: <\/strong>Transilvania<br \/><strong>Localitatea: <\/strong>Sub Cetate<br \/><strong>Descriere succinta: <\/strong> Cas\u0103 cu specific maghiar, construit\u0103 \u00een anii 1930, situat\u0103 la drumul principal, cu acoperi\u0219ul \u00een dou\u0103 ape \u0219i mansard\u0103. Casa dispune de un t\u00e2rna\u021b deschis, motive tradi\u021bionale din lemn at\u00e2t la cas\u0103, c\u00e2t \u0219i la anexe. Gardul \u0219i poarta sunt din lemn \u0219i con\u021bin elemente tradi\u021bionale secuie\u0219ti.<\/p>","protected":false},"excerpt":{"rendered":"<p>Zona etnografic\u0103: TransilvaniaLocalitatea: Sub CetateDescriere succinta: Cas\u0103 cu specific maghiar, construit\u0103 \u00een anii 1930, situat\u0103 la drumul principal, cu acoperi\u0219ul \u00een dou\u0103 ape \u0219i mansard\u0103. Casa dispune de un t\u00e2rna\u021b deschis, motive tradi\u021bionale din lemn at\u00e2t la cas\u0103, c\u00e2t \u0219i la anexe. Gardul \u0219i poarta sunt din lemn \u0219i con\u021bin elemente tradi\u021bionale secuie\u0219ti.<\/p>","protected":false},"author":1,"featured_media":4077,"comment_status":"closed","ping_status":"open","sticky":false,"template":"","format":"standard","meta":[],"categories":[30],"tags":[],"_links":{"self":[{"href":"https:\/\/portcultural.usv.ro\/en\/wp-json\/wp\/v2\/posts\/3867"}],"collection":[{"href":"https:\/\/portcultural.usv.ro\/en\/wp-json\/wp\/v2\/posts"}],"about":[{"href":"https:\/\/portcultural.usv.ro\/en\/wp-json\/wp\/v2\/types\/post"}],"author":[{"embeddable":true,"href":"https:\/\/portcultural.usv.ro\/en\/wp-json\/wp\/v2\/users\/1"}],"replies":[{"embeddable":true,"href":"https:\/\/portcultural.usv.ro\/en\/wp-json\/wp\/v2\/comments?post=3867"}],"version-history":[{"count":2,"href":"https:\/\/portcultural.usv.ro\/en\/wp-json\/wp\/v2\/posts\/3867\/revisions"}],"predecessor-version":[{"id":4080,"href":"https:\/\/portcultural.usv.ro\/en\/wp-json\/wp\/v2\/posts\/3867\/revisions\/4080"}],"wp:featuredmedia":[{"embeddable":true,"href":"https:\/\/portcultural.usv.ro\/en\/wp-json\/wp\/v2\/media\/4077"}],"wp:attachment":[{"href":"https:\/\/portcultural.usv.ro\/en\/wp-json\/wp\/v2\/media?parent=3867"}],"wp:term":[{"taxonomy":"category","embeddable":true,"href":"https:\/\/portcultural.usv.ro\/en\/wp-json\/wp\/v2\/categories?post=3867"},{"taxonomy":"post_tag","embeddable":true,"href":"https:\/\/portcultural.usv.ro\/en\/wp-json\/wp\/v2\/tags?post=3867"}],"curies":[{"name":"wp","href":"https:\/\/api.w.org\/{rel}","templated":true}]}}