{"id":3879,"date":"2021-06-11T11:01:59","date_gmt":"2021-06-11T08:01:59","guid":{"rendered":"https:\/\/portcultural.usv.ro\/br_straja_jv1_2019\/"},"modified":"2021-06-18T12:35:23","modified_gmt":"2021-06-18T09:35:23","slug":"br_straja_jv1_2019","status":"publish","type":"post","link":"https:\/\/portcultural.usv.ro\/en\/br_straja_jv1_2019\/","title":{"rendered":"BR_Straja_JV1_2019"},"content":{"rendered":"<p><a href=\"https:\/\/drive.google.com\/uc?id=1iexHvTpnfnM0rtU-ESx02gesB_Ksdglu\" target=\"_blank\" rel=\"noopener noreferrer\"><img class=\"alignleft\" src=\"https:\/\/drive.google.com\/uc?id=1iexHvTpnfnM0rtU-ESx02gesB_Ksdglu\" alt=\"\" width=\"410\" \/><\/a><strong>Zona etnografic\u0103: <\/strong>Bucovina, R\u0103d\u0103u\u021bi<br \/>\n<strong>Localitatea: <\/strong>Straja<br \/>\n<strong>Descriere succinta: <\/strong> Cas\u0103 rom\u00e2neasc\u0103 din Straja, cu \u201epere\u021bii din b\u00e2rne cioplite, unse cu lut \u00een ceotori\u201d, cu dou\u0103 camere \u0219i hol, cu prisp\u0103, gang deschis pe 4 laturi, \u015fur\u0103 cu grajd, h\u00e2j, buc\u0103t\u0103rie de var\u0103, f\u00e2nar, f\u00e2nt\u00e2n\u0103 \u015fi pivni\u0163\u0103. Cuiele sunt din lemn iar vechimea casei este de peste 150 de ani. Casa a fost mo\u0219tenit\u0103 de proprietarul Juravle Vasile, care men\u021bioneaz\u0103 c\u0103 au locuit \u00een cas\u0103 5 genera\u021bii. Acesta nu dore\u0219te s\u0103 o modifice.<\/p>","protected":false},"excerpt":{"rendered":"<p>Zona etnografic\u0103: Bucovina, R\u0103d\u0103u\u021bi Localitatea: Straja Descriere succinta: Cas\u0103 rom\u00e2neasc\u0103 din Straja, cu \u201epere\u021bii din b\u00e2rne cioplite, unse cu lut \u00een ceotori\u201d, cu dou\u0103 camere \u0219i hol, cu prisp\u0103, gang deschis pe 4 laturi, \u015fur\u0103 cu grajd, h\u00e2j, buc\u0103t\u0103rie de var\u0103, f\u00e2nar, f\u00e2nt\u00e2n\u0103 \u015fi pivni\u0163\u0103. Cuiele sunt din lemn iar vechimea casei este de peste &hellip;<\/p>\n<p class=\"read-more\"> <a class=\"\" href=\"https:\/\/portcultural.usv.ro\/en\/br_straja_jv1_2019\/\"> <span class=\"screen-reader-text\">BR_Straja_JV1_2019<\/span> Read More &raquo;<\/a><\/p>","protected":false},"author":1,"featured_media":4103,"comment_status":"closed","ping_status":"open","sticky":false,"template":"","format":"standard","meta":[],"categories":[33],"tags":[],"_links":{"self":[{"href":"https:\/\/portcultural.usv.ro\/en\/wp-json\/wp\/v2\/posts\/3879"}],"collection":[{"href":"https:\/\/portcultural.usv.ro\/en\/wp-json\/wp\/v2\/posts"}],"about":[{"href":"https:\/\/portcultural.usv.ro\/en\/wp-json\/wp\/v2\/types\/post"}],"author":[{"embeddable":true,"href":"https:\/\/portcultural.usv.ro\/en\/wp-json\/wp\/v2\/users\/1"}],"replies":[{"embeddable":true,"href":"https:\/\/portcultural.usv.ro\/en\/wp-json\/wp\/v2\/comments?post=3879"}],"version-history":[{"count":2,"href":"https:\/\/portcultural.usv.ro\/en\/wp-json\/wp\/v2\/posts\/3879\/revisions"}],"predecessor-version":[{"id":4008,"href":"https:\/\/portcultural.usv.ro\/en\/wp-json\/wp\/v2\/posts\/3879\/revisions\/4008"}],"wp:featuredmedia":[{"embeddable":true,"href":"https:\/\/portcultural.usv.ro\/en\/wp-json\/wp\/v2\/media\/4103"}],"wp:attachment":[{"href":"https:\/\/portcultural.usv.ro\/en\/wp-json\/wp\/v2\/media?parent=3879"}],"wp:term":[{"taxonomy":"category","embeddable":true,"href":"https:\/\/portcultural.usv.ro\/en\/wp-json\/wp\/v2\/categories?post=3879"},{"taxonomy":"post_tag","embeddable":true,"href":"https:\/\/portcultural.usv.ro\/en\/wp-json\/wp\/v2\/tags?post=3879"}],"curies":[{"name":"wp","href":"https:\/\/api.w.org\/{rel}","templated":true}]}}