{"id":3889,"date":"2021-05-09T03:46:26","date_gmt":"2021-05-09T00:46:26","guid":{"rendered":"https:\/\/portcultural.usv.ro\/br_putna_bc_2019\/"},"modified":"2021-06-18T12:35:56","modified_gmt":"2021-06-18T09:35:56","slug":"br_putna_bc_2019","status":"publish","type":"post","link":"https:\/\/portcultural.usv.ro\/en\/br_putna_bc_2019\/","title":{"rendered":"BR_Putna_BC_2019"},"content":{"rendered":"<p><a href=\"https:\/\/drive.google.com\/uc?id=1vKzrkcpNgW7C9Uarvc4NDcRs2oMpruuT\" target=\"_blank\" rel=\"noopener noreferrer\"><img class=\"alignleft\" src=\"https:\/\/drive.google.com\/uc?id=1vKzrkcpNgW7C9Uarvc4NDcRs2oMpruuT\" alt=\"\" width=\"410\" \/><\/a><strong>Zona etnografic\u0103: <\/strong>Bucovina, R\u0103d\u0103u\u021bi<br \/><strong>Localitatea: <\/strong>Putna<br \/><strong>Descriere succinta: <\/strong> Cas\u0103 nem\u021beasc\u0103 din Putna, construit\u0103 \u00een jurul anului 1920, din lemn cu 4 camere, a fost considerat\u0103 mul\u0163i ani \u201ecea mai impun\u0103toare\u201d din Putna. Proprietarii cazau turi\u015fti europeni \u00eenainte de 1990. \u00centr-o parte a casei a func\u0163ionat mul\u0163i ani po\u015fta (pe vremea fostului proprietar, care era \u201eneam\u0163 \u00eensurat cu o rom\u00e2nc\u0103 dintr-o cas\u0103 buna din Suceava\u201d). Proprietarul actual era odat\u0103 \u201ecel mai bogat din Putna \u015fi avea cei mai frumo\u015fi cai\u201d; era \u201erespectat \u015fi cel mai fudul la nun\u0163i\u201d. Exist\u0103 o \u0219ur\u0103 cu grajd, buc\u0103t\u0103rie de var\u0103, foi\u0219or \u0219i o port\u0103 \u00eenalt\u0103 din lemn. Acoperi\u0219ul este din \u021bigl\u0103, \u00een 4 ape cu coamele te\u0219ite. Casa are etaj \u0219i un mic balcon. Apar\u021bine lui Breab\u0103n Cornelia (Nela).<\/p>","protected":false},"excerpt":{"rendered":"<p>Zona etnografic\u0103: Bucovina, R\u0103d\u0103u\u021biLocalitatea: PutnaDescriere succinta: Cas\u0103 nem\u021beasc\u0103 din Putna, construit\u0103 \u00een jurul anului 1920, din lemn cu 4 camere, a fost considerat\u0103 mul\u0163i ani \u201ecea mai impun\u0103toare\u201d din Putna. Proprietarii cazau turi\u015fti europeni \u00eenainte de 1990. \u00centr-o parte a casei a func\u0163ionat mul\u0163i ani po\u015fta (pe vremea fostului proprietar, care era \u201eneam\u0163 \u00eensurat cu &hellip;<\/p>\n<p class=\"read-more\"> <a class=\"\" href=\"https:\/\/portcultural.usv.ro\/en\/br_putna_bc_2019\/\"> <span class=\"screen-reader-text\">BR_Putna_BC_2019<\/span> Read More &raquo;<\/a><\/p>","protected":false},"author":1,"featured_media":4480,"comment_status":"closed","ping_status":"open","sticky":false,"template":"","format":"standard","meta":[],"categories":[33],"tags":[],"_links":{"self":[{"href":"https:\/\/portcultural.usv.ro\/en\/wp-json\/wp\/v2\/posts\/3889"}],"collection":[{"href":"https:\/\/portcultural.usv.ro\/en\/wp-json\/wp\/v2\/posts"}],"about":[{"href":"https:\/\/portcultural.usv.ro\/en\/wp-json\/wp\/v2\/types\/post"}],"author":[{"embeddable":true,"href":"https:\/\/portcultural.usv.ro\/en\/wp-json\/wp\/v2\/users\/1"}],"replies":[{"embeddable":true,"href":"https:\/\/portcultural.usv.ro\/en\/wp-json\/wp\/v2\/comments?post=3889"}],"version-history":[{"count":2,"href":"https:\/\/portcultural.usv.ro\/en\/wp-json\/wp\/v2\/posts\/3889\/revisions"}],"predecessor-version":[{"id":4487,"href":"https:\/\/portcultural.usv.ro\/en\/wp-json\/wp\/v2\/posts\/3889\/revisions\/4487"}],"wp:featuredmedia":[{"embeddable":true,"href":"https:\/\/portcultural.usv.ro\/en\/wp-json\/wp\/v2\/media\/4480"}],"wp:attachment":[{"href":"https:\/\/portcultural.usv.ro\/en\/wp-json\/wp\/v2\/media?parent=3889"}],"wp:term":[{"taxonomy":"category","embeddable":true,"href":"https:\/\/portcultural.usv.ro\/en\/wp-json\/wp\/v2\/categories?post=3889"},{"taxonomy":"post_tag","embeddable":true,"href":"https:\/\/portcultural.usv.ro\/en\/wp-json\/wp\/v2\/tags?post=3889"}],"curies":[{"name":"wp","href":"https:\/\/api.w.org\/{rel}","templated":true}]}}