{"id":3896,"date":"2021-05-18T08:26:51","date_gmt":"2021-05-18T05:26:51","guid":{"rendered":"https:\/\/portcultural.usv.ro\/bsv_ipotesti_ab_2019\/"},"modified":"2021-06-18T12:35:55","modified_gmt":"2021-06-18T09:35:55","slug":"bsv_ipotesti_ab_2019","status":"publish","type":"post","link":"https:\/\/portcultural.usv.ro\/en\/bsv_ipotesti_ab_2019\/","title":{"rendered":"BSv_Ipote\u015fti_AB_2019"},"content":{"rendered":"<p><a href=\"https:\/\/drive.google.com\/uc?id=1TXSQaVRclnmOUz_0jM7BefTwuijFIA7J\" target=\"_blank\" rel=\"noopener noreferrer\"><img class=\"alignleft\" src=\"https:\/\/drive.google.com\/uc?id=1TXSQaVRclnmOUz_0jM7BefTwuijFIA7J\" alt=\"\" width=\"410\" \/><\/a><strong>Zona etnografic\u0103: <\/strong>Bucovina, Suceava<br \/><strong>Localitatea: <\/strong>Ipote\u015fti<br \/><strong>Descriere succinta: <\/strong> Casa rom\u00e2neasc\u0103 din Ipote\u0219ti, din 1949 (sau 1939), din dou\u0103 table, din lemn cu lut \u0219i pari (stejar \u0219i brad), cu gang deschis \u00een spatele casei vopsit verde. Cump\u0103rat\u0103 din 2014 de Apostol Bogdan, un t\u00e2n\u0103r lucr\u0103tor \u00een administra\u021bia public\u0103 \u0219i antreprenor, care s-a \u00eendr\u0103gostit de arhitectura tradi\u021bional\u0103. Gospod\u0103rie impresionant\u0103, compus\u0103 din 5 camere, p\u0103strat\u0103 \u00een propor\u021bie de 90% original\u0103, care avea ini\u021bial mai multe anexe (inclusiv o zon\u0103 pentru calea\u0219c\u0103), construit\u0103 de Buc\u0103tar Aurel \u0219i Buc\u0103tar Elena, unii din cei mai boga\u021bi oameni ai satului.<\/p>","protected":false},"excerpt":{"rendered":"<p>Zona etnografic\u0103: Bucovina, SuceavaLocalitatea: Ipote\u015ftiDescriere succinta: Casa rom\u00e2neasc\u0103 din Ipote\u0219ti, din 1949 (sau 1939), din dou\u0103 table, din lemn cu lut \u0219i pari (stejar \u0219i brad), cu gang deschis \u00een spatele casei vopsit verde. Cump\u0103rat\u0103 din 2014 de Apostol Bogdan, un t\u00e2n\u0103r lucr\u0103tor \u00een administra\u021bia public\u0103 \u0219i antreprenor, care s-a \u00eendr\u0103gostit de arhitectura tradi\u021bional\u0103. Gospod\u0103rie &hellip;<\/p>\n<p class=\"read-more\"> <a class=\"\" href=\"https:\/\/portcultural.usv.ro\/en\/bsv_ipotesti_ab_2019\/\"> <span class=\"screen-reader-text\">BSv_Ipote\u015fti_AB_2019<\/span> Read More &raquo;<\/a><\/p>","protected":false},"author":1,"featured_media":4392,"comment_status":"closed","ping_status":"open","sticky":false,"template":"","format":"standard","meta":[],"categories":[34],"tags":[],"_links":{"self":[{"href":"https:\/\/portcultural.usv.ro\/en\/wp-json\/wp\/v2\/posts\/3896"}],"collection":[{"href":"https:\/\/portcultural.usv.ro\/en\/wp-json\/wp\/v2\/posts"}],"about":[{"href":"https:\/\/portcultural.usv.ro\/en\/wp-json\/wp\/v2\/types\/post"}],"author":[{"embeddable":true,"href":"https:\/\/portcultural.usv.ro\/en\/wp-json\/wp\/v2\/users\/1"}],"replies":[{"embeddable":true,"href":"https:\/\/portcultural.usv.ro\/en\/wp-json\/wp\/v2\/comments?post=3896"}],"version-history":[{"count":2,"href":"https:\/\/portcultural.usv.ro\/en\/wp-json\/wp\/v2\/posts\/3896\/revisions"}],"predecessor-version":[{"id":4359,"href":"https:\/\/portcultural.usv.ro\/en\/wp-json\/wp\/v2\/posts\/3896\/revisions\/4359"}],"wp:featuredmedia":[{"embeddable":true,"href":"https:\/\/portcultural.usv.ro\/en\/wp-json\/wp\/v2\/media\/4392"}],"wp:attachment":[{"href":"https:\/\/portcultural.usv.ro\/en\/wp-json\/wp\/v2\/media?parent=3896"}],"wp:term":[{"taxonomy":"category","embeddable":true,"href":"https:\/\/portcultural.usv.ro\/en\/wp-json\/wp\/v2\/categories?post=3896"},{"taxonomy":"post_tag","embeddable":true,"href":"https:\/\/portcultural.usv.ro\/en\/wp-json\/wp\/v2\/tags?post=3896"}],"curies":[{"name":"wp","href":"https:\/\/api.w.org\/{rel}","templated":true}]}}