{"id":3901,"date":"2021-05-20T23:35:02","date_gmt":"2021-05-20T20:35:02","guid":{"rendered":"https:\/\/portcultural.usv.ro\/bsv_patrauti_fm_2019\/"},"modified":"2021-06-18T12:35:55","modified_gmt":"2021-06-18T09:35:55","slug":"bsv_patrauti_fm_2019","status":"publish","type":"post","link":"https:\/\/portcultural.usv.ro\/en\/bsv_patrauti_fm_2019\/","title":{"rendered":"BSv_P\u0103tr\u0103u\u0163i_FM_2019"},"content":{"rendered":"<p><a href=\"https:\/\/drive.google.com\/uc?id=1lQRAqROJ0Vvf0pgyB_hVC-fido_9PDST\" target=\"_blank\" rel=\"noopener noreferrer\"><img class=\"alignleft\" src=\"https:\/\/drive.google.com\/uc?id=1lQRAqROJ0Vvf0pgyB_hVC-fido_9PDST\" alt=\"\" width=\"410\" \/><\/a><strong>Zona etnografic\u0103: <\/strong>Bucovina, Suceava<br \/><strong>Localitatea: <\/strong>P\u0103tr\u0103u\u0163i<br \/><strong>Descriere succinta: <\/strong> Cas\u0103 parohial\u0103 (maghiar\u0103?) din P\u0103tr\u0103u\u021bi, din 1858 par\u021bial din lemn \u0219i par\u021bial din c\u0103r\u0103mid\u0103 construit\u0103 ca replic\u0103 a celor austriece din c\u0103r\u0103mid\u0103 utilizate anterior drept cancelarii. Este compus\u0103 din 4 \u00eenc\u0103peri cun un hol central. Acoperi\u0219ul este \u00een patru table. Are un medalion pe frontonul casei cu anul construc\u021biei. Este \u00een poprietatea lui F\u0103g\u0103ra\u0219 Maria dar mai multe detalii poate da preotul Gabriel Herea.<\/p>","protected":false},"excerpt":{"rendered":"<p>Zona etnografic\u0103: Bucovina, SuceavaLocalitatea: P\u0103tr\u0103u\u0163iDescriere succinta: Cas\u0103 parohial\u0103 (maghiar\u0103?) din P\u0103tr\u0103u\u021bi, din 1858 par\u021bial din lemn \u0219i par\u021bial din c\u0103r\u0103mid\u0103 construit\u0103 ca replic\u0103 a celor austriece din c\u0103r\u0103mid\u0103 utilizate anterior drept cancelarii. Este compus\u0103 din 4 \u00eenc\u0103peri cun un hol central. Acoperi\u0219ul este \u00een patru table. Are un medalion pe frontonul casei cu anul construc\u021biei. &hellip;<\/p>\n<p class=\"read-more\"> <a class=\"\" href=\"https:\/\/portcultural.usv.ro\/en\/bsv_patrauti_fm_2019\/\"> <span class=\"screen-reader-text\">BSv_P\u0103tr\u0103u\u0163i_FM_2019<\/span> Read More &raquo;<\/a><\/p>","protected":false},"author":1,"featured_media":4331,"comment_status":"closed","ping_status":"open","sticky":false,"template":"","format":"standard","meta":[],"categories":[34],"tags":[],"_links":{"self":[{"href":"https:\/\/portcultural.usv.ro\/en\/wp-json\/wp\/v2\/posts\/3901"}],"collection":[{"href":"https:\/\/portcultural.usv.ro\/en\/wp-json\/wp\/v2\/posts"}],"about":[{"href":"https:\/\/portcultural.usv.ro\/en\/wp-json\/wp\/v2\/types\/post"}],"author":[{"embeddable":true,"href":"https:\/\/portcultural.usv.ro\/en\/wp-json\/wp\/v2\/users\/1"}],"replies":[{"embeddable":true,"href":"https:\/\/portcultural.usv.ro\/en\/wp-json\/wp\/v2\/comments?post=3901"}],"version-history":[{"count":2,"href":"https:\/\/portcultural.usv.ro\/en\/wp-json\/wp\/v2\/posts\/3901\/revisions"}],"predecessor-version":[{"id":4292,"href":"https:\/\/portcultural.usv.ro\/en\/wp-json\/wp\/v2\/posts\/3901\/revisions\/4292"}],"wp:featuredmedia":[{"embeddable":true,"href":"https:\/\/portcultural.usv.ro\/en\/wp-json\/wp\/v2\/media\/4331"}],"wp:attachment":[{"href":"https:\/\/portcultural.usv.ro\/en\/wp-json\/wp\/v2\/media?parent=3901"}],"wp:term":[{"taxonomy":"category","embeddable":true,"href":"https:\/\/portcultural.usv.ro\/en\/wp-json\/wp\/v2\/categories?post=3901"},{"taxonomy":"post_tag","embeddable":true,"href":"https:\/\/portcultural.usv.ro\/en\/wp-json\/wp\/v2\/tags?post=3901"}],"curies":[{"name":"wp","href":"https:\/\/api.w.org\/{rel}","templated":true}]}}