{"id":3918,"date":"2021-05-05T06:07:34","date_gmt":"2021-05-05T03:07:34","guid":{"rendered":"https:\/\/portcultural.usv.ro\/bh_partestii-de-sus_com_2019\/"},"modified":"2021-06-18T12:35:57","modified_gmt":"2021-06-18T09:35:57","slug":"bh_partestii-de-sus_com_2019","status":"publish","type":"post","link":"https:\/\/portcultural.usv.ro\/en\/bh_partestii-de-sus_com_2019\/","title":{"rendered":"BH_P\u00e2rte\u015ftii de Sus_CoM_2019"},"content":{"rendered":"<p><a href=\"https:\/\/drive.google.com\/uc?id=1ENNRTMuu8iLMepEyKsKIzBbBJcKIYWbJ\" target=\"_blank\" rel=\"noopener noreferrer\"><img class=\"alignleft\" src=\"https:\/\/drive.google.com\/uc?id=1ENNRTMuu8iLMepEyKsKIzBbBJcKIYWbJ\" alt=\"\" width=\"410\" \/><\/a><strong>Zona etnografic\u0103: <\/strong>Bucovina, Humor<br \/><strong>Localitatea: <\/strong>P\u00e2rte\u015ftii de Sus<br \/><strong>Descriere succinta: <\/strong> Cas\u0103 rom\u00e2neasc\u0103 din P\u00e2rte\u0219tii de Sus, din 1932, din lemn, cu acoperi\u0219 \u00een 4 table cu plec\u0103toare, cu drani\u021b\u0103 \u0219i 3 fum\u0103ri\u021be, cu o coam\u0103. Are un gang deschis \u00een fa\u021ba casei iar \u00een jurul geamurilor sunt chenare cu lut. Exist\u0103 \u0219i o \u0219ur\u0103 cu grajd \u0219i o f\u00e2nt\u00e2n\u0103. Casa este \u00een proprietatea lui Cojocariu Marius \u0219i a fost mo\u0219tenit\u0103. Casa a fost construit\u0103 de bunicii soacrei proprietarului \u0219i \u00een ea au locuit de-a lungul timpului urma\u0219ii acestora. Momentan nu locuie\u0219te nimeni \u00een cas\u0103 \u00een se dore\u0219te p\u0103strarea ei.<\/p>","protected":false},"excerpt":{"rendered":"<p>Zona etnografic\u0103: Bucovina, HumorLocalitatea: P\u00e2rte\u015ftii de SusDescriere succinta: Cas\u0103 rom\u00e2neasc\u0103 din P\u00e2rte\u0219tii de Sus, din 1932, din lemn, cu acoperi\u0219 \u00een 4 table cu plec\u0103toare, cu drani\u021b\u0103 \u0219i 3 fum\u0103ri\u021be, cu o coam\u0103. Are un gang deschis \u00een fa\u021ba casei iar \u00een jurul geamurilor sunt chenare cu lut. Exist\u0103 \u0219i o \u0219ur\u0103 cu grajd \u0219i &hellip;<\/p>\n<p class=\"read-more\"> <a class=\"\" href=\"https:\/\/portcultural.usv.ro\/en\/bh_partestii-de-sus_com_2019\/\"> <span class=\"screen-reader-text\">BH_P\u00e2rte\u015ftii de Sus_CoM_2019<\/span> Read More &raquo;<\/a><\/p>","protected":false},"author":1,"featured_media":4541,"comment_status":"closed","ping_status":"open","sticky":false,"template":"","format":"standard","meta":[],"categories":[36],"tags":[],"_links":{"self":[{"href":"https:\/\/portcultural.usv.ro\/en\/wp-json\/wp\/v2\/posts\/3918"}],"collection":[{"href":"https:\/\/portcultural.usv.ro\/en\/wp-json\/wp\/v2\/posts"}],"about":[{"href":"https:\/\/portcultural.usv.ro\/en\/wp-json\/wp\/v2\/types\/post"}],"author":[{"embeddable":true,"href":"https:\/\/portcultural.usv.ro\/en\/wp-json\/wp\/v2\/users\/1"}],"replies":[{"embeddable":true,"href":"https:\/\/portcultural.usv.ro\/en\/wp-json\/wp\/v2\/comments?post=3918"}],"version-history":[{"count":2,"href":"https:\/\/portcultural.usv.ro\/en\/wp-json\/wp\/v2\/posts\/3918\/revisions"}],"predecessor-version":[{"id":4520,"href":"https:\/\/portcultural.usv.ro\/en\/wp-json\/wp\/v2\/posts\/3918\/revisions\/4520"}],"wp:featuredmedia":[{"embeddable":true,"href":"https:\/\/portcultural.usv.ro\/en\/wp-json\/wp\/v2\/media\/4541"}],"wp:attachment":[{"href":"https:\/\/portcultural.usv.ro\/en\/wp-json\/wp\/v2\/media?parent=3918"}],"wp:term":[{"taxonomy":"category","embeddable":true,"href":"https:\/\/portcultural.usv.ro\/en\/wp-json\/wp\/v2\/categories?post=3918"},{"taxonomy":"post_tag","embeddable":true,"href":"https:\/\/portcultural.usv.ro\/en\/wp-json\/wp\/v2\/tags?post=3918"}],"curies":[{"name":"wp","href":"https:\/\/api.w.org\/{rel}","templated":true}]}}