{"id":3930,"date":"2021-05-20T07:48:39","date_gmt":"2021-05-20T04:48:39","guid":{"rendered":"https:\/\/portcultural.usv.ro\/bh_balaceana_cv_2019\/"},"modified":"2021-06-18T12:35:55","modified_gmt":"2021-06-18T09:35:55","slug":"bh_balaceana_cv_2019","status":"publish","type":"post","link":"https:\/\/portcultural.usv.ro\/en\/bh_balaceana_cv_2019\/","title":{"rendered":"BH_Balaceana_CV_2019"},"content":{"rendered":"<p><a href=\"https:\/\/drive.google.com\/uc?id=1FCsFcJjc8i2XuvxF1gb-DRro6HVHKMzV\" target=\"_blank\" rel=\"noopener noreferrer\"><img class=\"alignleft\" src=\"https:\/\/drive.google.com\/uc?id=1FCsFcJjc8i2XuvxF1gb-DRro6HVHKMzV\" alt=\"\" width=\"410\" \/><\/a><strong>Zona etnografic\u0103: <\/strong>Bucovina, Humor<br \/><strong>Localitatea: <\/strong>Balaceana<br \/><strong>Descriere succinta: <\/strong> Cas\u0103 rom\u00e2neasc\u0103 din B\u0103l\u0103ceana, din 1910, din lemn, cu acoperi\u0219 \u00een patru table egale cu drani\u021b\u0103 \u0219i o fum\u0103ri\u021b\u0103, cu gang deschis \u00een fa\u021ba casei \u0219i pere\u021bii un\u0219i cu lut \u00een \u00eentregime. Este compus\u0103 din 2 camere \u0219i tind\u0103. Casa are c\u00e2teva anexe (\u0219ur\u0103 cu grajd) \u0219i este \u00eemprejmuit cu gard cu poart\u0103 \u00eenalt\u0103 de lemn. Casa este mo\u0219tenit\u0103 \u0219i este \u00een proprietatea lui Ciuhan Valeria.<\/p>","protected":false},"excerpt":{"rendered":"<p>Zona etnografic\u0103: Bucovina, HumorLocalitatea: BalaceanaDescriere succinta: Cas\u0103 rom\u00e2neasc\u0103 din B\u0103l\u0103ceana, din 1910, din lemn, cu acoperi\u0219 \u00een patru table egale cu drani\u021b\u0103 \u0219i o fum\u0103ri\u021b\u0103, cu gang deschis \u00een fa\u021ba casei \u0219i pere\u021bii un\u0219i cu lut \u00een \u00eentregime. Este compus\u0103 din 2 camere \u0219i tind\u0103. Casa are c\u00e2teva anexe (\u0219ur\u0103 cu grajd) \u0219i este \u00eemprejmuit &hellip;<\/p>\n<p class=\"read-more\"> <a class=\"\" href=\"https:\/\/portcultural.usv.ro\/en\/bh_balaceana_cv_2019\/\"> <span class=\"screen-reader-text\">BH_Balaceana_CV_2019<\/span> Read More &raquo;<\/a><\/p>","protected":false},"author":1,"featured_media":4337,"comment_status":"closed","ping_status":"open","sticky":false,"template":"","format":"standard","meta":[],"categories":[36],"tags":[],"_links":{"self":[{"href":"https:\/\/portcultural.usv.ro\/en\/wp-json\/wp\/v2\/posts\/3930"}],"collection":[{"href":"https:\/\/portcultural.usv.ro\/en\/wp-json\/wp\/v2\/posts"}],"about":[{"href":"https:\/\/portcultural.usv.ro\/en\/wp-json\/wp\/v2\/types\/post"}],"author":[{"embeddable":true,"href":"https:\/\/portcultural.usv.ro\/en\/wp-json\/wp\/v2\/users\/1"}],"replies":[{"embeddable":true,"href":"https:\/\/portcultural.usv.ro\/en\/wp-json\/wp\/v2\/comments?post=3930"}],"version-history":[{"count":2,"href":"https:\/\/portcultural.usv.ro\/en\/wp-json\/wp\/v2\/posts\/3930\/revisions"}],"predecessor-version":[{"id":4340,"href":"https:\/\/portcultural.usv.ro\/en\/wp-json\/wp\/v2\/posts\/3930\/revisions\/4340"}],"wp:featuredmedia":[{"embeddable":true,"href":"https:\/\/portcultural.usv.ro\/en\/wp-json\/wp\/v2\/media\/4337"}],"wp:attachment":[{"href":"https:\/\/portcultural.usv.ro\/en\/wp-json\/wp\/v2\/media?parent=3930"}],"wp:term":[{"taxonomy":"category","embeddable":true,"href":"https:\/\/portcultural.usv.ro\/en\/wp-json\/wp\/v2\/categories?post=3930"},{"taxonomy":"post_tag","embeddable":true,"href":"https:\/\/portcultural.usv.ro\/en\/wp-json\/wp\/v2\/tags?post=3930"}],"curies":[{"name":"wp","href":"https:\/\/api.w.org\/{rel}","templated":true}]}}