{"id":3934,"date":"2021-05-10T07:05:16","date_gmt":"2021-05-10T04:05:16","guid":{"rendered":"https:\/\/portcultural.usv.ro\/bd_dorna-candrenilor_hpm_2019\/"},"modified":"2021-06-18T12:35:56","modified_gmt":"2021-06-18T09:35:56","slug":"bd_dorna-candrenilor_hpm_2019","status":"publish","type":"post","link":"https:\/\/portcultural.usv.ro\/en\/bd_dorna-candrenilor_hpm_2019\/","title":{"rendered":"BD_Dorna Candrenilor_HPM_2019"},"content":{"rendered":"<p><a href=\"https:\/\/drive.google.com\/uc?id=1Z8Gvr8xUx73wtlulBtmoMNQ4XuSWmhc7\" target=\"_blank\" rel=\"noopener noreferrer\"><img class=\"alignleft\" src=\"https:\/\/drive.google.com\/uc?id=1Z8Gvr8xUx73wtlulBtmoMNQ4XuSWmhc7\" alt=\"\" width=\"410\" \/><\/a><strong>Zona etnografic\u0103: <\/strong>Bucovina, Dorna<br \/><strong>Localitatea: <\/strong>Dorna Candrenilor<br \/><strong>Descriere succinta: <\/strong> Cas\u0103 armeneasc\u0103 din Dorna Candrenilor, din lemn, din prima parte a secolului XX. Singura cas\u0103 \u201edomneasc\u0103\u201d r\u0103mas\u0103 \u00een Dorna Candrenilor (\u00een cas\u0103 exist\u0103 un pian vechi, obiecte, tablouri \u015fi mobil\u0103 dinainte de Primul R\u0103zboi Mondial). Este compus\u0103 din 5 camere la parter \u0219i 3 la etaj. Casa a fost construit\u0103 \u00een 1910, de un armean care era ofi\u0163er de jandarmi \u00een Ducatul Bucovinei (actuala proprietar\u0103 este nepoata acestuia). \u00cen anii 1950 \u201ea deraiat trenul \u015fi a intrat \u00een cas\u0103\u201d. Pe l\u00e2ng\u0103 cas\u0103 mai exist\u0103 o \u0219ur\u0103 cu grajd \u0219i o buc\u0103t\u0103rie de var\u0103. Este \u00een proprietatea lui Popescu Maria (Hadzi).<\/p>","protected":false},"excerpt":{"rendered":"<p>Zona etnografic\u0103: Bucovina, DornaLocalitatea: Dorna CandrenilorDescriere succinta: Cas\u0103 armeneasc\u0103 din Dorna Candrenilor, din lemn, din prima parte a secolului XX. Singura cas\u0103 \u201edomneasc\u0103\u201d r\u0103mas\u0103 \u00een Dorna Candrenilor (\u00een cas\u0103 exist\u0103 un pian vechi, obiecte, tablouri \u015fi mobil\u0103 dinainte de Primul R\u0103zboi Mondial). Este compus\u0103 din 5 camere la parter \u0219i 3 la etaj. Casa a &hellip;<\/p>\n<p class=\"read-more\"> <a class=\"\" href=\"https:\/\/portcultural.usv.ro\/en\/bd_dorna-candrenilor_hpm_2019\/\"> <span class=\"screen-reader-text\">BD_Dorna Candrenilor_HPM_2019<\/span> Read More &raquo;<\/a><\/p>","protected":false},"author":1,"featured_media":4474,"comment_status":"closed","ping_status":"open","sticky":false,"template":"","format":"standard","meta":[],"categories":[37],"tags":[],"_links":{"self":[{"href":"https:\/\/portcultural.usv.ro\/en\/wp-json\/wp\/v2\/posts\/3934"}],"collection":[{"href":"https:\/\/portcultural.usv.ro\/en\/wp-json\/wp\/v2\/posts"}],"about":[{"href":"https:\/\/portcultural.usv.ro\/en\/wp-json\/wp\/v2\/types\/post"}],"author":[{"embeddable":true,"href":"https:\/\/portcultural.usv.ro\/en\/wp-json\/wp\/v2\/users\/1"}],"replies":[{"embeddable":true,"href":"https:\/\/portcultural.usv.ro\/en\/wp-json\/wp\/v2\/comments?post=3934"}],"version-history":[{"count":2,"href":"https:\/\/portcultural.usv.ro\/en\/wp-json\/wp\/v2\/posts\/3934\/revisions"}],"predecessor-version":[{"id":4450,"href":"https:\/\/portcultural.usv.ro\/en\/wp-json\/wp\/v2\/posts\/3934\/revisions\/4450"}],"wp:featuredmedia":[{"embeddable":true,"href":"https:\/\/portcultural.usv.ro\/en\/wp-json\/wp\/v2\/media\/4474"}],"wp:attachment":[{"href":"https:\/\/portcultural.usv.ro\/en\/wp-json\/wp\/v2\/media?parent=3934"}],"wp:term":[{"taxonomy":"category","embeddable":true,"href":"https:\/\/portcultural.usv.ro\/en\/wp-json\/wp\/v2\/categories?post=3934"},{"taxonomy":"post_tag","embeddable":true,"href":"https:\/\/portcultural.usv.ro\/en\/wp-json\/wp\/v2\/tags?post=3934"}],"curies":[{"name":"wp","href":"https:\/\/api.w.org\/{rel}","templated":true}]}}