{"id":3937,"date":"2021-05-17T09:41:22","date_gmt":"2021-05-17T06:41:22","guid":{"rendered":"https:\/\/portcultural.usv.ro\/bd_dorna-candrenilor_n_2019\/"},"modified":"2021-06-18T12:35:55","modified_gmt":"2021-06-18T09:35:55","slug":"bd_dorna-candrenilor_n_2019","status":"publish","type":"post","link":"https:\/\/portcultural.usv.ro\/en\/bd_dorna-candrenilor_n_2019\/","title":{"rendered":"BD_Dorna Candrenilor_N_2019"},"content":{"rendered":"<p><a href=\"https:\/\/drive.google.com\/uc?id=1UCKbo_WcZTK65GKaDESdVmKwHuTXpAOb\" target=\"_blank\" rel=\"noopener noreferrer\"><img class=\"alignleft\" src=\"https:\/\/drive.google.com\/uc?id=1UCKbo_WcZTK65GKaDESdVmKwHuTXpAOb\" alt=\"\" width=\"410\" \/><\/a><strong>Zona etnografic\u0103: <\/strong>Bucovina, Dorna<br \/><strong>Localitatea: <\/strong>Dorna Candrenilor<br \/><strong>Descriere succinta: <\/strong> Cas\u0103 rom\u00e2neasc\u0103 din Dorna Candrenilor, construit\u0103 \u00een jurul anului 1920 din lemn. Geamurile casei au fost de la \u00eenceput g\u00e2ndite sa fie mai mari. Este casa p\u0103rinteasc\u0103 a lui Nedelea Mihai, construit\u0103 de tat\u0103l s\u0103u \u0219i l\u0103sat\u0103 surorii sale. Cas\u0103 cu acoperi\u0219 din dou\u0103 table, din drani\u021b\u0103, cu pere\u021bii exteriori v\u0103rui\u021bi. Casa este compus\u0103 din 2 camere \u0219i tind\u0103 \u0219i are ca anexe \u0219ur\u0103 \u0219i grajd.<\/p>","protected":false},"excerpt":{"rendered":"<p>Zona etnografic\u0103: Bucovina, DornaLocalitatea: Dorna CandrenilorDescriere succinta: Cas\u0103 rom\u00e2neasc\u0103 din Dorna Candrenilor, construit\u0103 \u00een jurul anului 1920 din lemn. Geamurile casei au fost de la \u00eenceput g\u00e2ndite sa fie mai mari. Este casa p\u0103rinteasc\u0103 a lui Nedelea Mihai, construit\u0103 de tat\u0103l s\u0103u \u0219i l\u0103sat\u0103 surorii sale. Cas\u0103 cu acoperi\u0219 din dou\u0103 table, din drani\u021b\u0103, cu &hellip;<\/p>\n<p class=\"read-more\"> <a class=\"\" href=\"https:\/\/portcultural.usv.ro\/en\/bd_dorna-candrenilor_n_2019\/\"> <span class=\"screen-reader-text\">BD_Dorna Candrenilor_N_2019<\/span> Read More &raquo;<\/a><\/p>","protected":false},"author":1,"featured_media":4404,"comment_status":"closed","ping_status":"open","sticky":false,"template":"","format":"standard","meta":[],"categories":[37],"tags":[],"_links":{"self":[{"href":"https:\/\/portcultural.usv.ro\/en\/wp-json\/wp\/v2\/posts\/3937"}],"collection":[{"href":"https:\/\/portcultural.usv.ro\/en\/wp-json\/wp\/v2\/posts"}],"about":[{"href":"https:\/\/portcultural.usv.ro\/en\/wp-json\/wp\/v2\/types\/post"}],"author":[{"embeddable":true,"href":"https:\/\/portcultural.usv.ro\/en\/wp-json\/wp\/v2\/users\/1"}],"replies":[{"embeddable":true,"href":"https:\/\/portcultural.usv.ro\/en\/wp-json\/wp\/v2\/comments?post=3937"}],"version-history":[{"count":2,"href":"https:\/\/portcultural.usv.ro\/en\/wp-json\/wp\/v2\/posts\/3937\/revisions"}],"predecessor-version":[{"id":4364,"href":"https:\/\/portcultural.usv.ro\/en\/wp-json\/wp\/v2\/posts\/3937\/revisions\/4364"}],"wp:featuredmedia":[{"embeddable":true,"href":"https:\/\/portcultural.usv.ro\/en\/wp-json\/wp\/v2\/media\/4404"}],"wp:attachment":[{"href":"https:\/\/portcultural.usv.ro\/en\/wp-json\/wp\/v2\/media?parent=3937"}],"wp:term":[{"taxonomy":"category","embeddable":true,"href":"https:\/\/portcultural.usv.ro\/en\/wp-json\/wp\/v2\/categories?post=3937"},{"taxonomy":"post_tag","embeddable":true,"href":"https:\/\/portcultural.usv.ro\/en\/wp-json\/wp\/v2\/tags?post=3937"}],"curies":[{"name":"wp","href":"https:\/\/api.w.org\/{rel}","templated":true}]}}