{"id":3940,"date":"2021-05-21T13:46:25","date_gmt":"2021-05-21T10:46:25","guid":{"rendered":"https:\/\/portcultural.usv.ro\/bd_poiana-stampei-casoi_aa_2019\/"},"modified":"2021-06-18T12:35:55","modified_gmt":"2021-06-18T09:35:55","slug":"bd_poiana-stampei-casoi_aa_2019","status":"publish","type":"post","link":"https:\/\/portcultural.usv.ro\/en\/bd_poiana-stampei-casoi_aa_2019\/","title":{"rendered":"BD_Poiana Stampei, C\u0103soi_AA_2019"},"content":{"rendered":"<p><a href=\"https:\/\/drive.google.com\/uc?id=1RlgseU2vQbxdoGAchmv_wiDXx5KrojiU\" target=\"_blank\" rel=\"noopener noreferrer\"><img class=\"alignleft\" src=\"https:\/\/drive.google.com\/uc?id=1RlgseU2vQbxdoGAchmv_wiDXx5KrojiU\" alt=\"\" width=\"410\" \/><\/a><strong>Zona etnografic\u0103: <\/strong>Bucovina, Dorna<br \/><strong>Localitatea: <\/strong>Poiana Stampei, C\u0103soi<br \/><strong>Descriere succinta: <\/strong> Cas\u0103 rom\u00e2neasc\u0103 din Poiana Stampei, din 1962, din lemn, cu anexe: 2 spa\u0163ii, grajd cu \u015fur\u0103 la mijloc, \u201ebeci pe p\u0103m\u00e2nt\u201d, fa\u0163ad\u0103 cu decora\u0163iuni \u00een tencuial\u0103, model \u201ede Cioc\u0103ne\u015fti\u201d. Casa este compus\u0103 din mai multe camere la parter, verand\u0103 \u0219i c\u0103mar\u0103 \u0219i la etaj din 3 camere. Conform proprietarilor, multe case din zona Dornei au fost ini\u0163ial tencuite, ulterior tencuiala fiind \u00eendep\u0103rtat\u0103, deoarece afecta lemnul. Casa apar\u021bine lui Arc\u0103lean Anti\u021ba \u0219i este mo\u0219tenire de familie.<\/p>","protected":false},"excerpt":{"rendered":"<p>Zona etnografic\u0103: Bucovina, DornaLocalitatea: Poiana Stampei, C\u0103soiDescriere succinta: Cas\u0103 rom\u00e2neasc\u0103 din Poiana Stampei, din 1962, din lemn, cu anexe: 2 spa\u0163ii, grajd cu \u015fur\u0103 la mijloc, \u201ebeci pe p\u0103m\u00e2nt\u201d, fa\u0163ad\u0103 cu decora\u0163iuni \u00een tencuial\u0103, model \u201ede Cioc\u0103ne\u015fti\u201d. Casa este compus\u0103 din mai multe camere la parter, verand\u0103 \u0219i c\u0103mar\u0103 \u0219i la etaj din 3 camere. &hellip;<\/p>\n<p class=\"read-more\"> <a class=\"\" href=\"https:\/\/portcultural.usv.ro\/en\/bd_poiana-stampei-casoi_aa_2019\/\"> <span class=\"screen-reader-text\">BD_Poiana Stampei, C\u0103soi_AA_2019<\/span> Read More &raquo;<\/a><\/p>","protected":false},"author":1,"featured_media":4325,"comment_status":"closed","ping_status":"open","sticky":false,"template":"","format":"standard","meta":[],"categories":[37],"tags":[],"_links":{"self":[{"href":"https:\/\/portcultural.usv.ro\/en\/wp-json\/wp\/v2\/posts\/3940"}],"collection":[{"href":"https:\/\/portcultural.usv.ro\/en\/wp-json\/wp\/v2\/posts"}],"about":[{"href":"https:\/\/portcultural.usv.ro\/en\/wp-json\/wp\/v2\/types\/post"}],"author":[{"embeddable":true,"href":"https:\/\/portcultural.usv.ro\/en\/wp-json\/wp\/v2\/users\/1"}],"replies":[{"embeddable":true,"href":"https:\/\/portcultural.usv.ro\/en\/wp-json\/wp\/v2\/comments?post=3940"}],"version-history":[{"count":2,"href":"https:\/\/portcultural.usv.ro\/en\/wp-json\/wp\/v2\/posts\/3940\/revisions"}],"predecessor-version":[{"id":4289,"href":"https:\/\/portcultural.usv.ro\/en\/wp-json\/wp\/v2\/posts\/3940\/revisions\/4289"}],"wp:featuredmedia":[{"embeddable":true,"href":"https:\/\/portcultural.usv.ro\/en\/wp-json\/wp\/v2\/media\/4325"}],"wp:attachment":[{"href":"https:\/\/portcultural.usv.ro\/en\/wp-json\/wp\/v2\/media?parent=3940"}],"wp:term":[{"taxonomy":"category","embeddable":true,"href":"https:\/\/portcultural.usv.ro\/en\/wp-json\/wp\/v2\/categories?post=3940"},{"taxonomy":"post_tag","embeddable":true,"href":"https:\/\/portcultural.usv.ro\/en\/wp-json\/wp\/v2\/tags?post=3940"}],"curies":[{"name":"wp","href":"https:\/\/api.w.org\/{rel}","templated":true}]}}