{"id":3944,"date":"2021-05-27T14:53:22","date_gmt":"2021-05-27T11:53:22","guid":{"rendered":"https:\/\/portcultural.usv.ro\/bd_poiana-stampei_ra_2019\/"},"modified":"2021-06-18T12:35:25","modified_gmt":"2021-06-18T09:35:25","slug":"bd_poiana-stampei_ra_2019","status":"publish","type":"post","link":"https:\/\/portcultural.usv.ro\/en\/bd_poiana-stampei_ra_2019\/","title":{"rendered":"BD_Poiana Stampei_RA_2019"},"content":{"rendered":"<p><a href=\"https:\/\/drive.google.com\/uc?id=18Zs8GxZcwfMuHWMS3YgFSBkVCudJe3iO\" target=\"_blank\" rel=\"noopener noreferrer\"><img class=\"alignleft\" src=\"https:\/\/drive.google.com\/uc?id=18Zs8GxZcwfMuHWMS3YgFSBkVCudJe3iO\" alt=\"\" width=\"410\" \/><\/a><strong>Zona etnografic\u0103: <\/strong>Bucovina, Dorna<br \/><strong>Localitatea: <\/strong>Poiana Stampei<br \/><strong>Descriere succinta: <\/strong> Cas\u0103 rom\u00e2neasc\u0103 din Poiana Stampei, din prima parte a secolului XX, din lemn, de mari dimensiuni (aprox. 16\/8 m), cu doua camere foarte mari, hol pe mijloc \u015fi c\u0103mar\u0103 \u00een partea a doua a holului. Are foi\u015for \u00een fa\u0163\u0103 \u015fi urcarea \u00een pod se face prin exterior, din partea dreapt\u0103 a gangului lateral. \u00cen timpul celui de-al Doilea R\u0103zboi Mondial, casa a fost rechizi\u0163ionat\u0103 \u015fi folosit\u0103 ca brut\u0103rie. Proprietara, Rusu Anti\u021ba, a locuit 17 ani \u00een cas\u0103 \u0219i aminte\u0219te c\u0103 a\u0219ez\u0103m\u00e2ntul este a p\u0103rin\u021bilor \u0219i a unchilor p\u0103rin\u021bilor ei din partea mamei. Casa are ca anexe \u0219ur\u0103 cu grajd, h\u00e2j \u0219i f\u00e2nt\u00e2n\u0103.<\/p>","protected":false},"excerpt":{"rendered":"<p>Zona etnografic\u0103: Bucovina, DornaLocalitatea: Poiana StampeiDescriere succinta: Cas\u0103 rom\u00e2neasc\u0103 din Poiana Stampei, din prima parte a secolului XX, din lemn, de mari dimensiuni (aprox. 16\/8 m), cu doua camere foarte mari, hol pe mijloc \u015fi c\u0103mar\u0103 \u00een partea a doua a holului. Are foi\u015for \u00een fa\u0163\u0103 \u015fi urcarea \u00een pod se face prin exterior, din &hellip;<\/p>\n<p class=\"read-more\"> <a class=\"\" href=\"https:\/\/portcultural.usv.ro\/en\/bd_poiana-stampei_ra_2019\/\"> <span class=\"screen-reader-text\">BD_Poiana Stampei_RA_2019<\/span> Read More &raquo;<\/a><\/p>","protected":false},"author":1,"featured_media":4223,"comment_status":"closed","ping_status":"open","sticky":false,"template":"","format":"standard","meta":[],"categories":[37],"tags":[],"_links":{"self":[{"href":"https:\/\/portcultural.usv.ro\/en\/wp-json\/wp\/v2\/posts\/3944"}],"collection":[{"href":"https:\/\/portcultural.usv.ro\/en\/wp-json\/wp\/v2\/posts"}],"about":[{"href":"https:\/\/portcultural.usv.ro\/en\/wp-json\/wp\/v2\/types\/post"}],"author":[{"embeddable":true,"href":"https:\/\/portcultural.usv.ro\/en\/wp-json\/wp\/v2\/users\/1"}],"replies":[{"embeddable":true,"href":"https:\/\/portcultural.usv.ro\/en\/wp-json\/wp\/v2\/comments?post=3944"}],"version-history":[{"count":2,"href":"https:\/\/portcultural.usv.ro\/en\/wp-json\/wp\/v2\/posts\/3944\/revisions"}],"predecessor-version":[{"id":4226,"href":"https:\/\/portcultural.usv.ro\/en\/wp-json\/wp\/v2\/posts\/3944\/revisions\/4226"}],"wp:featuredmedia":[{"embeddable":true,"href":"https:\/\/portcultural.usv.ro\/en\/wp-json\/wp\/v2\/media\/4223"}],"wp:attachment":[{"href":"https:\/\/portcultural.usv.ro\/en\/wp-json\/wp\/v2\/media?parent=3944"}],"wp:term":[{"taxonomy":"category","embeddable":true,"href":"https:\/\/portcultural.usv.ro\/en\/wp-json\/wp\/v2\/categories?post=3944"},{"taxonomy":"post_tag","embeddable":true,"href":"https:\/\/portcultural.usv.ro\/en\/wp-json\/wp\/v2\/tags?post=3944"}],"curies":[{"name":"wp","href":"https:\/\/api.w.org\/{rel}","templated":true}]}}