{"id":3949,"date":"2021-06-09T17:39:40","date_gmt":"2021-06-09T14:39:40","guid":{"rendered":"https:\/\/portcultural.usv.ro\/bsi_climauti_ft_2019\/"},"modified":"2021-06-18T12:35:24","modified_gmt":"2021-06-18T09:35:24","slug":"bsi_climauti_ft_2019","status":"publish","type":"post","link":"https:\/\/portcultural.usv.ro\/en\/bsi_climauti_ft_2019\/","title":{"rendered":"BSi_Climau\u0163i_FT_2019"},"content":{"rendered":"<p><a href=\"https:\/\/drive.google.com\/uc?id=1YAt8PUzUdygqC-XEO6ApE0VhLHRs86iI\" target=\"_blank\" rel=\"noopener noreferrer\"><img class=\"alignleft\" src=\"https:\/\/drive.google.com\/uc?id=1YAt8PUzUdygqC-XEO6ApE0VhLHRs86iI\" alt=\"\" width=\"410\" \/><\/a><strong>Zona etnografic\u0103: <\/strong>Bucovina, Siret<br \/><strong>Localitatea: <\/strong>Climau\u0163i<br \/><strong>Descriere succinta: <\/strong> Cas\u0103 lipoveneasc\u0103 din Clim\u0103u\u021bi, din 1900, din lemn, cu acoperi\u0219 \u00een dou\u0103 ape, gang deschis \u00een fa\u021ba casei \u0219i pere\u021bii un\u0219i cu lut \u00een \u00eentregime picta\u021bi cu elemente florale \u0219i geometrice \u00een culori predominant verzi. U\u0219a principal\u0103 a casei este original\u0103, frumos sculptat\u0103 cu elemente geometrice. Casa este compus\u0103 din 2 camere \u0219i tind\u0103 iar ca anexe exist\u0103 o \u0219ur\u0103 cu grajd \u0219i buc\u0103t\u0103rie de var\u0103. Un aspect aparte al casei este c\u0103 este singura din zon\u0103 ce are o f\u00e2nt\u00e2n\u0103 tradi\u021bional\u0103 cu cump\u0103n\u0103. Proprietar este Fomov Tit, iar cel care a construit casa a fost Fomov Mihai, tat\u0103l lui, cu me\u0219teri din localitate.<\/p>","protected":false},"excerpt":{"rendered":"<p>Zona etnografic\u0103: Bucovina, SiretLocalitatea: Climau\u0163iDescriere succinta: Cas\u0103 lipoveneasc\u0103 din Clim\u0103u\u021bi, din 1900, din lemn, cu acoperi\u0219 \u00een dou\u0103 ape, gang deschis \u00een fa\u021ba casei \u0219i pere\u021bii un\u0219i cu lut \u00een \u00eentregime picta\u021bi cu elemente florale \u0219i geometrice \u00een culori predominant verzi. U\u0219a principal\u0103 a casei este original\u0103, frumos sculptat\u0103 cu elemente geometrice. Casa este compus\u0103 &hellip;<\/p>\n<p class=\"read-more\"> <a class=\"\" href=\"https:\/\/portcultural.usv.ro\/en\/bsi_climauti_ft_2019\/\"> <span class=\"screen-reader-text\">BSi_Climau\u0163i_FT_2019<\/span> Read More &raquo;<\/a><\/p>","protected":false},"author":1,"featured_media":4065,"comment_status":"closed","ping_status":"open","sticky":false,"template":"","format":"standard","meta":[],"categories":[35],"tags":[],"_links":{"self":[{"href":"https:\/\/portcultural.usv.ro\/en\/wp-json\/wp\/v2\/posts\/3949"}],"collection":[{"href":"https:\/\/portcultural.usv.ro\/en\/wp-json\/wp\/v2\/posts"}],"about":[{"href":"https:\/\/portcultural.usv.ro\/en\/wp-json\/wp\/v2\/types\/post"}],"author":[{"embeddable":true,"href":"https:\/\/portcultural.usv.ro\/en\/wp-json\/wp\/v2\/users\/1"}],"replies":[{"embeddable":true,"href":"https:\/\/portcultural.usv.ro\/en\/wp-json\/wp\/v2\/comments?post=3949"}],"version-history":[{"count":2,"href":"https:\/\/portcultural.usv.ro\/en\/wp-json\/wp\/v2\/posts\/3949\/revisions"}],"predecessor-version":[{"id":4040,"href":"https:\/\/portcultural.usv.ro\/en\/wp-json\/wp\/v2\/posts\/3949\/revisions\/4040"}],"wp:featuredmedia":[{"embeddable":true,"href":"https:\/\/portcultural.usv.ro\/en\/wp-json\/wp\/v2\/media\/4065"}],"wp:attachment":[{"href":"https:\/\/portcultural.usv.ro\/en\/wp-json\/wp\/v2\/media?parent=3949"}],"wp:term":[{"taxonomy":"category","embeddable":true,"href":"https:\/\/portcultural.usv.ro\/en\/wp-json\/wp\/v2\/categories?post=3949"},{"taxonomy":"post_tag","embeddable":true,"href":"https:\/\/portcultural.usv.ro\/en\/wp-json\/wp\/v2\/tags?post=3949"}],"curies":[{"name":"wp","href":"https:\/\/api.w.org\/{rel}","templated":true}]}}