{"id":3954,"date":"2021-06-12T22:52:55","date_gmt":"2021-06-12T19:52:55","guid":{"rendered":"https:\/\/portcultural.usv.ro\/bsi_iacobesti_ca_2019\/"},"modified":"2021-06-18T12:35:23","modified_gmt":"2021-06-18T09:35:23","slug":"bsi_iacobesti_ca_2019","status":"publish","type":"post","link":"https:\/\/portcultural.usv.ro\/en\/bsi_iacobesti_ca_2019\/","title":{"rendered":"BSi_Iacobe\u015fti_CA_2019"},"content":{"rendered":"<p><a href=\"https:\/\/drive.google.com\/uc?id=1dFF8pimU3yoIf2GqVbVErZu3oBHNimWM\" target=\"_blank\" rel=\"noopener noreferrer\"><img class=\"alignleft\" src=\"https:\/\/drive.google.com\/uc?id=1dFF8pimU3yoIf2GqVbVErZu3oBHNimWM\" alt=\"\" width=\"410\" \/><\/a><strong>Zona etnografic\u0103: <\/strong>Bucovina, Siret<br \/>\n<strong>Localitatea: <\/strong>Iacobe\u015fti<br \/>\n<strong>Descriere succinta: <\/strong> Cas\u0103 rom\u00e2neasc\u0103 din Iacobe\u0219ti, compus\u0103 din 2 camere, construit\u0103 \u00een 1930 \u0219i str\u0103mutat\u0103 \u00een 1954, din lemn cu un gang deschis \u00een fa\u021ba casei cu st\u00e2lpi decora\u021bi cu motive geometrice, acoperi\u0219 \u00een patru table cu plec\u0103toare (\u0219i c\u0103mar\u0103 dedesubt). Pere\u021bii exteriori un\u0219i cu lut \u00een \u00eentregime (vergelui\u021bi). Casa are \u00een interior numeroase obiecte de mobilier \u0219i uz casnic tradi\u021bionale \u0219i autentice. \u00cent\u00e2lnim \u0219i anexe precum \u0219ur\u0103 \u0219i alte spa\u021bii de depozitare. Este \u00een proprietatea lui Cepuc Aurel prin mo\u0219tenire, \u00een cas\u0103 locuind \u00eenaintea lui p\u0103rin\u021bii \u0219i sora lui.<\/p>","protected":false},"excerpt":{"rendered":"<p>Zona etnografic\u0103: Bucovina, Siret Localitatea: Iacobe\u015fti Descriere succinta: Cas\u0103 rom\u00e2neasc\u0103 din Iacobe\u0219ti, compus\u0103 din 2 camere, construit\u0103 \u00een 1930 \u0219i str\u0103mutat\u0103 \u00een 1954, din lemn cu un gang deschis \u00een fa\u021ba casei cu st\u00e2lpi decora\u021bi cu motive geometrice, acoperi\u0219 \u00een patru table cu plec\u0103toare (\u0219i c\u0103mar\u0103 dedesubt). Pere\u021bii exteriori un\u0219i cu lut \u00een \u00eentregime (vergelui\u021bi). &hellip;<\/p>\n<p class=\"read-more\"> <a class=\"\" href=\"https:\/\/portcultural.usv.ro\/en\/bsi_iacobesti_ca_2019\/\"> <span class=\"screen-reader-text\">BSi_Iacobe\u015fti_CA_2019<\/span> Read More &raquo;<\/a><\/p>","protected":false},"author":1,"featured_media":4016,"comment_status":"closed","ping_status":"open","sticky":false,"template":"","format":"standard","meta":[],"categories":[35],"tags":[],"_links":{"self":[{"href":"https:\/\/portcultural.usv.ro\/en\/wp-json\/wp\/v2\/posts\/3954"}],"collection":[{"href":"https:\/\/portcultural.usv.ro\/en\/wp-json\/wp\/v2\/posts"}],"about":[{"href":"https:\/\/portcultural.usv.ro\/en\/wp-json\/wp\/v2\/types\/post"}],"author":[{"embeddable":true,"href":"https:\/\/portcultural.usv.ro\/en\/wp-json\/wp\/v2\/users\/1"}],"replies":[{"embeddable":true,"href":"https:\/\/portcultural.usv.ro\/en\/wp-json\/wp\/v2\/comments?post=3954"}],"version-history":[{"count":2,"href":"https:\/\/portcultural.usv.ro\/en\/wp-json\/wp\/v2\/posts\/3954\/revisions"}],"predecessor-version":[{"id":3999,"href":"https:\/\/portcultural.usv.ro\/en\/wp-json\/wp\/v2\/posts\/3954\/revisions\/3999"}],"wp:featuredmedia":[{"embeddable":true,"href":"https:\/\/portcultural.usv.ro\/en\/wp-json\/wp\/v2\/media\/4016"}],"wp:attachment":[{"href":"https:\/\/portcultural.usv.ro\/en\/wp-json\/wp\/v2\/media?parent=3954"}],"wp:term":[{"taxonomy":"category","embeddable":true,"href":"https:\/\/portcultural.usv.ro\/en\/wp-json\/wp\/v2\/categories?post=3954"},{"taxonomy":"post_tag","embeddable":true,"href":"https:\/\/portcultural.usv.ro\/en\/wp-json\/wp\/v2\/tags?post=3954"}],"curies":[{"name":"wp","href":"https:\/\/api.w.org\/{rel}","templated":true}]}}