{"id":3955,"date":"2021-06-09T23:03:52","date_gmt":"2021-06-09T20:03:52","guid":{"rendered":"https:\/\/portcultural.usv.ro\/bsi_calafindesti_fl_2019\/"},"modified":"2021-06-18T12:35:23","modified_gmt":"2021-06-18T09:35:23","slug":"bsi_calafindesti_fl_2019","status":"publish","type":"post","link":"https:\/\/portcultural.usv.ro\/en\/bsi_calafindesti_fl_2019\/","title":{"rendered":"BSi_Calafinde\u015fti_FL_2019"},"content":{"rendered":"<p><a href=\"https:\/\/drive.google.com\/uc?id=1mzENisRvU1JzMLMx-UccEAdhU9BDGpje\" target=\"_blank\" rel=\"noopener noreferrer\"><img class=\"alignleft\" src=\"https:\/\/drive.google.com\/uc?id=1mzENisRvU1JzMLMx-UccEAdhU9BDGpje\" alt=\"\" width=\"410\" \/><\/a><strong>Zona etnografic\u0103: <\/strong>Bucovina, Siret<br \/><strong>Localitatea: <\/strong>Calafinde\u015fti<br \/><strong>Descriere succinta: <\/strong> Cas\u0103 rom\u00e2neasc\u0103 din Calafinde\u0219ti, din 1920, din lemn, compus\u0103 din 2 camere, tind\u0103 \u0219i c\u0103mar\u0103, acoperi\u0219 cu patru table, dou\u0103 fum\u0103ri\u021be, gang deschis \u00een fa\u021ba casei. \u00cent\u00e2lnim multe anexe cum ar fi o buc\u0103t\u0103rie de var\u0103, f\u00e2nt\u00e2n\u0103, pivni\u021b\u0103, \u0219ur\u0103 cu grajd. B\u0103tr\u00e2nul care locuie\u0219te \u00een cas\u0103, Fr\u00e2ncu Leonte, are o colec\u021bie de fotografii vechi puse \u00eentr-un tablou \u00een care se vede \u0219i casa. Casa a fost construit\u0103 de p\u0103rin\u021bii proprietarului \u0219i modificat\u0103 de acesta.<\/p>","protected":false},"excerpt":{"rendered":"<p>Zona etnografic\u0103: Bucovina, SiretLocalitatea: Calafinde\u015ftiDescriere succinta: Cas\u0103 rom\u00e2neasc\u0103 din Calafinde\u0219ti, din 1920, din lemn, compus\u0103 din 2 camere, tind\u0103 \u0219i c\u0103mar\u0103, acoperi\u0219 cu patru table, dou\u0103 fum\u0103ri\u021be, gang deschis \u00een fa\u021ba casei. \u00cent\u00e2lnim multe anexe cum ar fi o buc\u0103t\u0103rie de var\u0103, f\u00e2nt\u00e2n\u0103, pivni\u021b\u0103, \u0219ur\u0103 cu grajd. B\u0103tr\u00e2nul care locuie\u0219te \u00een cas\u0103, Fr\u00e2ncu Leonte, are &hellip;<\/p>\n<p class=\"read-more\"> <a class=\"\" href=\"https:\/\/portcultural.usv.ro\/en\/bsi_calafindesti_fl_2019\/\"> <span class=\"screen-reader-text\">BSi_Calafinde\u015fti_FL_2019<\/span> Read More &raquo;<\/a><\/p>","protected":false},"author":1,"featured_media":4059,"comment_status":"closed","ping_status":"open","sticky":false,"template":"","format":"standard","meta":[],"categories":[35],"tags":[],"_links":{"self":[{"href":"https:\/\/portcultural.usv.ro\/en\/wp-json\/wp\/v2\/posts\/3955"}],"collection":[{"href":"https:\/\/portcultural.usv.ro\/en\/wp-json\/wp\/v2\/posts"}],"about":[{"href":"https:\/\/portcultural.usv.ro\/en\/wp-json\/wp\/v2\/types\/post"}],"author":[{"embeddable":true,"href":"https:\/\/portcultural.usv.ro\/en\/wp-json\/wp\/v2\/users\/1"}],"replies":[{"embeddable":true,"href":"https:\/\/portcultural.usv.ro\/en\/wp-json\/wp\/v2\/comments?post=3955"}],"version-history":[{"count":2,"href":"https:\/\/portcultural.usv.ro\/en\/wp-json\/wp\/v2\/posts\/3955\/revisions"}],"predecessor-version":[{"id":4035,"href":"https:\/\/portcultural.usv.ro\/en\/wp-json\/wp\/v2\/posts\/3955\/revisions\/4035"}],"wp:featuredmedia":[{"embeddable":true,"href":"https:\/\/portcultural.usv.ro\/en\/wp-json\/wp\/v2\/media\/4059"}],"wp:attachment":[{"href":"https:\/\/portcultural.usv.ro\/en\/wp-json\/wp\/v2\/media?parent=3955"}],"wp:term":[{"taxonomy":"category","embeddable":true,"href":"https:\/\/portcultural.usv.ro\/en\/wp-json\/wp\/v2\/categories?post=3955"},{"taxonomy":"post_tag","embeddable":true,"href":"https:\/\/portcultural.usv.ro\/en\/wp-json\/wp\/v2\/tags?post=3955"}],"curies":[{"name":"wp","href":"https:\/\/api.w.org\/{rel}","templated":true}]}}