{"id":3956,"date":"2021-05-26T02:56:35","date_gmt":"2021-05-25T23:56:35","guid":{"rendered":"https:\/\/portcultural.usv.ro\/bsi_calafindesti_mg_2019\/"},"modified":"2021-06-18T12:35:25","modified_gmt":"2021-06-18T09:35:25","slug":"bsi_calafindesti_mg_2019","status":"publish","type":"post","link":"https:\/\/portcultural.usv.ro\/en\/bsi_calafindesti_mg_2019\/","title":{"rendered":"BSi_Calafinde\u015fti_MG_2019"},"content":{"rendered":"<p><a href=\"https:\/\/drive.google.com\/uc?id=1vPN7AcPiQMk3CovDyODDXfmC8dm5_iTA\" target=\"_blank\" rel=\"noopener noreferrer\"><img class=\"alignleft\" src=\"https:\/\/drive.google.com\/uc?id=1vPN7AcPiQMk3CovDyODDXfmC8dm5_iTA\" alt=\"\" width=\"410\" \/><\/a><strong>Zona etnografic\u0103: <\/strong>Bucovina, Siret<br \/><strong>Localitatea: <\/strong>Calafinde\u015fti<br \/><strong>Descriere succinta: <\/strong> Cas\u0103 rom\u00e2neasc\u0103 din Calafinde\u0219ti, din 1910, din lemn, 2 camere \u0219i tind\u0103, cu acoperi\u0219 \u00een patru table cu 2 fum\u0103ri\u021be \u0219i plec\u0103toare, gang semi-deschis pe 3 p\u0103r\u021bi. A fost utilizat\u0103 ca \u0219coal\u0103 \u00een trecut, iar apoi a devenit cas\u0103 de locuit. Multe din elementele casei cum ar fi u\u0219a principal\u0103, tavanele cu b\u00e2rne, soba cu plit\u0103 \u0219i cuptor \u0219i altele au fost restaurate av\u00e2nd \u00een vedere p\u0103strarea aspectului autentic \u0219i tradi\u021bional al casei. \u00cen interiorul casei proprietara are un tablou cu fotografii vechi \u0219i o sob\u0103 cu plit\u0103 \u0219i cuptor autentic precum \u0219i alte obiecte de mobilier tradi\u021bionale. Proprietara, Macovei Gheorghina, de\u021bine \u0219i un costum popular autentic complet. Ea a locuit \u00een cas\u0103 din 1951, casa fiind a bunicilor, fiind modificat\u0103 de p\u0103rin\u021bii ei care au locuit \u0219i ei acolo. Ca anexe \u00eent\u00e2lnim o \u0219ur\u0103 cu grajd, buc\u0103t\u0103rie de var\u0103, f\u00e2nt\u00e2n\u0103 \u0219i pivni\u021b\u0103.<\/p>","protected":false},"excerpt":{"rendered":"<p>Zona etnografic\u0103: Bucovina, SiretLocalitatea: Calafinde\u015ftiDescriere succinta: Cas\u0103 rom\u00e2neasc\u0103 din Calafinde\u0219ti, din 1910, din lemn, 2 camere \u0219i tind\u0103, cu acoperi\u0219 \u00een patru table cu 2 fum\u0103ri\u021be \u0219i plec\u0103toare, gang semi-deschis pe 3 p\u0103r\u021bi. A fost utilizat\u0103 ca \u0219coal\u0103 \u00een trecut, iar apoi a devenit cas\u0103 de locuit. Multe din elementele casei cum ar fi u\u0219a &hellip;<\/p>\n<p class=\"read-more\"> <a class=\"\" href=\"https:\/\/portcultural.usv.ro\/en\/bsi_calafindesti_mg_2019\/\"> <span class=\"screen-reader-text\">BSi_Calafinde\u015fti_MG_2019<\/span> Read More &raquo;<\/a><\/p>","protected":false},"author":1,"featured_media":4244,"comment_status":"closed","ping_status":"open","sticky":false,"template":"","format":"standard","meta":[],"categories":[35],"tags":[],"_links":{"self":[{"href":"https:\/\/portcultural.usv.ro\/en\/wp-json\/wp\/v2\/posts\/3956"}],"collection":[{"href":"https:\/\/portcultural.usv.ro\/en\/wp-json\/wp\/v2\/posts"}],"about":[{"href":"https:\/\/portcultural.usv.ro\/en\/wp-json\/wp\/v2\/types\/post"}],"author":[{"embeddable":true,"href":"https:\/\/portcultural.usv.ro\/en\/wp-json\/wp\/v2\/users\/1"}],"replies":[{"embeddable":true,"href":"https:\/\/portcultural.usv.ro\/en\/wp-json\/wp\/v2\/comments?post=3956"}],"version-history":[{"count":2,"href":"https:\/\/portcultural.usv.ro\/en\/wp-json\/wp\/v2\/posts\/3956\/revisions"}],"predecessor-version":[{"id":4249,"href":"https:\/\/portcultural.usv.ro\/en\/wp-json\/wp\/v2\/posts\/3956\/revisions\/4249"}],"wp:featuredmedia":[{"embeddable":true,"href":"https:\/\/portcultural.usv.ro\/en\/wp-json\/wp\/v2\/media\/4244"}],"wp:attachment":[{"href":"https:\/\/portcultural.usv.ro\/en\/wp-json\/wp\/v2\/media?parent=3956"}],"wp:term":[{"taxonomy":"category","embeddable":true,"href":"https:\/\/portcultural.usv.ro\/en\/wp-json\/wp\/v2\/categories?post=3956"},{"taxonomy":"post_tag","embeddable":true,"href":"https:\/\/portcultural.usv.ro\/en\/wp-json\/wp\/v2\/tags?post=3956"}],"curies":[{"name":"wp","href":"https:\/\/api.w.org\/{rel}","templated":true}]}}