{"id":3959,"date":"2021-05-16T06:48:31","date_gmt":"2021-05-16T03:48:31","guid":{"rendered":"https:\/\/portcultural.usv.ro\/bcm_vatra-moldovitei_be_2019\/"},"modified":"2021-06-18T12:35:56","modified_gmt":"2021-06-18T09:35:56","slug":"bcm_vatra-moldovitei_be_2019","status":"publish","type":"post","link":"https:\/\/portcultural.usv.ro\/en\/bcm_vatra-moldovitei_be_2019\/","title":{"rendered":"BCM_Vatra Moldovi\u0163ei_BE_2019"},"content":{"rendered":"<p><a href=\"https:\/\/drive.google.com\/uc?id=1HmtYnH4hODIjkE2J4y3faAWANh9EG3z0\" target=\"_blank\" rel=\"noopener noreferrer\"><img class=\"alignleft\" src=\"https:\/\/drive.google.com\/uc?id=1HmtYnH4hODIjkE2J4y3faAWANh9EG3z0\" alt=\"\" width=\"410\" \/><\/a><strong>Zona etnografic\u0103: <\/strong>Bucovina, C\u00eempulung Moldovenesc<br \/><strong>Localitatea: <\/strong>Vatra Moldovi\u0163ei<br \/><strong>Descriere succinta: <\/strong> Cas\u0103 rom\u00e2neasc\u0103 din Vatra Moldovi\u021bei, din 1915, din lemn, compus\u0103 din 2 camere \u0219i tind\u0103, acoperi\u0219 cu patru table \u0219i plec\u0103toare din drani\u021b\u0103, cu 2 fum\u0103ri\u021be. Exist\u0103 un gang deschis \u00een fa\u021ba casei. Anexele includ buc\u0103t\u0103rie de var\u0103, f\u00e2nt\u00e2n\u0103, f\u00e2nar \u0219i pivni\u021b\u0103. Proprietara, Bodnar Eudochia, locuie\u0219te \u00een cas\u0103 din 1947 \u0219i are 92 de ani. Ini\u021bial casa avea geamuri mai mici \u0219i era lut pe jos. Casa a fost construit\u0103 de socrul proprietarei \u0219i a r\u0103mas mo\u0219tenire copilului celui mai mic (so\u021bul proprietarei).<\/p>","protected":false},"excerpt":{"rendered":"<p>Zona etnografic\u0103: Bucovina, C\u00eempulung MoldovenescLocalitatea: Vatra Moldovi\u0163eiDescriere succinta: Cas\u0103 rom\u00e2neasc\u0103 din Vatra Moldovi\u021bei, din 1915, din lemn, compus\u0103 din 2 camere \u0219i tind\u0103, acoperi\u0219 cu patru table \u0219i plec\u0103toare din drani\u021b\u0103, cu 2 fum\u0103ri\u021be. Exist\u0103 un gang deschis \u00een fa\u021ba casei. Anexele includ buc\u0103t\u0103rie de var\u0103, f\u00e2nt\u00e2n\u0103, f\u00e2nar \u0219i pivni\u021b\u0103. Proprietara, Bodnar Eudochia, locuie\u0219te \u00een &hellip;<\/p>\n<p class=\"read-more\"> <a class=\"\" href=\"https:\/\/portcultural.usv.ro\/en\/bcm_vatra-moldovitei_be_2019\/\"> <span class=\"screen-reader-text\">BCM_Vatra Moldovi\u0163ei_BE_2019<\/span> Read More &raquo;<\/a><\/p>","protected":false},"author":1,"featured_media":4413,"comment_status":"closed","ping_status":"open","sticky":false,"template":"","format":"standard","meta":[],"categories":[38],"tags":[],"_links":{"self":[{"href":"https:\/\/portcultural.usv.ro\/en\/wp-json\/wp\/v2\/posts\/3959"}],"collection":[{"href":"https:\/\/portcultural.usv.ro\/en\/wp-json\/wp\/v2\/posts"}],"about":[{"href":"https:\/\/portcultural.usv.ro\/en\/wp-json\/wp\/v2\/types\/post"}],"author":[{"embeddable":true,"href":"https:\/\/portcultural.usv.ro\/en\/wp-json\/wp\/v2\/users\/1"}],"replies":[{"embeddable":true,"href":"https:\/\/portcultural.usv.ro\/en\/wp-json\/wp\/v2\/comments?post=3959"}],"version-history":[{"count":2,"href":"https:\/\/portcultural.usv.ro\/en\/wp-json\/wp\/v2\/posts\/3959\/revisions"}],"predecessor-version":[{"id":4368,"href":"https:\/\/portcultural.usv.ro\/en\/wp-json\/wp\/v2\/posts\/3959\/revisions\/4368"}],"wp:featuredmedia":[{"embeddable":true,"href":"https:\/\/portcultural.usv.ro\/en\/wp-json\/wp\/v2\/media\/4413"}],"wp:attachment":[{"href":"https:\/\/portcultural.usv.ro\/en\/wp-json\/wp\/v2\/media?parent=3959"}],"wp:term":[{"taxonomy":"category","embeddable":true,"href":"https:\/\/portcultural.usv.ro\/en\/wp-json\/wp\/v2\/categories?post=3959"},{"taxonomy":"post_tag","embeddable":true,"href":"https:\/\/portcultural.usv.ro\/en\/wp-json\/wp\/v2\/tags?post=3959"}],"curies":[{"name":"wp","href":"https:\/\/api.w.org\/{rel}","templated":true}]}}