{"id":3960,"date":"2021-05-04T19:45:41","date_gmt":"2021-05-04T16:45:41","guid":{"rendered":"https:\/\/portcultural.usv.ro\/bcm_vatra-moldovitei_sr_2019\/"},"modified":"2021-06-18T12:35:57","modified_gmt":"2021-06-18T09:35:57","slug":"bcm_vatra-moldovitei_sr_2019","status":"publish","type":"post","link":"https:\/\/portcultural.usv.ro\/en\/bcm_vatra-moldovitei_sr_2019\/","title":{"rendered":"BCM_Vatra Moldovi\u0163ei_SR_2019"},"content":{"rendered":"<p><a href=\"https:\/\/drive.google.com\/uc?id=12eMfhAWICtVWTFOEj3Il7owOBq6t8DWL\" target=\"_blank\" rel=\"noopener noreferrer\"><img class=\"alignleft\" src=\"https:\/\/drive.google.com\/uc?id=12eMfhAWICtVWTFOEj3Il7owOBq6t8DWL\" alt=\"\" width=\"410\" \/><\/a><strong>Zona etnografic\u0103: <\/strong>Bucovina, C\u00eempulung Moldovenesc<br \/><strong>Localitatea: <\/strong>Vatra Moldovi\u0163ei<br \/><strong>Descriere succinta: <\/strong> Cas\u0103 rom\u00e2neasc\u0103 din Vatra Moldovi\u021bei, din 1890, din lemn, cu 1 singur\u0103 \u00eenc\u0103pere, cu un gang deschis \u00een fa\u021ba casei, cu acoperi\u0219 \u00een 4 table egale cu drani\u021b\u0103, compus\u0103 dintr-o singur\u0103 camer\u0103. La proprietate mai exist\u0103 \u0219i o \u0219ur\u0103. Pere\u021bii exteriori sunt un\u0219i cu lut. Se v\u0103d cuiele de lemn din b\u00e2rnele de rezisten\u021b\u0103. Casa este des fotografiat\u0103 de trec\u0103tori. Actualul proprietar, \u0218utu Roman a cump\u0103rat casa de la un cuplu de b\u0103tr\u00e2ni Lipan Nicolae \u0219i Zenovia.<\/p>","protected":false},"excerpt":{"rendered":"<p>Zona etnografic\u0103: Bucovina, C\u00eempulung MoldovenescLocalitatea: Vatra Moldovi\u0163eiDescriere succinta: Cas\u0103 rom\u00e2neasc\u0103 din Vatra Moldovi\u021bei, din 1890, din lemn, cu 1 singur\u0103 \u00eenc\u0103pere, cu un gang deschis \u00een fa\u021ba casei, cu acoperi\u0219 \u00een 4 table egale cu drani\u021b\u0103, compus\u0103 dintr-o singur\u0103 camer\u0103. La proprietate mai exist\u0103 \u0219i o \u0219ur\u0103. Pere\u021bii exteriori sunt un\u0219i cu lut. Se v\u0103d &hellip;<\/p>\n<p class=\"read-more\"> <a class=\"\" href=\"https:\/\/portcultural.usv.ro\/en\/bcm_vatra-moldovitei_sr_2019\/\"> <span class=\"screen-reader-text\">BCM_Vatra Moldovi\u0163ei_SR_2019<\/span> Read More &raquo;<\/a><\/p>","protected":false},"author":1,"featured_media":4547,"comment_status":"closed","ping_status":"open","sticky":false,"template":"","format":"standard","meta":[],"categories":[38],"tags":[],"_links":{"self":[{"href":"https:\/\/portcultural.usv.ro\/en\/wp-json\/wp\/v2\/posts\/3960"}],"collection":[{"href":"https:\/\/portcultural.usv.ro\/en\/wp-json\/wp\/v2\/posts"}],"about":[{"href":"https:\/\/portcultural.usv.ro\/en\/wp-json\/wp\/v2\/types\/post"}],"author":[{"embeddable":true,"href":"https:\/\/portcultural.usv.ro\/en\/wp-json\/wp\/v2\/users\/1"}],"replies":[{"embeddable":true,"href":"https:\/\/portcultural.usv.ro\/en\/wp-json\/wp\/v2\/comments?post=3960"}],"version-history":[{"count":2,"href":"https:\/\/portcultural.usv.ro\/en\/wp-json\/wp\/v2\/posts\/3960\/revisions"}],"predecessor-version":[{"id":4546,"href":"https:\/\/portcultural.usv.ro\/en\/wp-json\/wp\/v2\/posts\/3960\/revisions\/4546"}],"wp:featuredmedia":[{"embeddable":true,"href":"https:\/\/portcultural.usv.ro\/en\/wp-json\/wp\/v2\/media\/4547"}],"wp:attachment":[{"href":"https:\/\/portcultural.usv.ro\/en\/wp-json\/wp\/v2\/media?parent=3960"}],"wp:term":[{"taxonomy":"category","embeddable":true,"href":"https:\/\/portcultural.usv.ro\/en\/wp-json\/wp\/v2\/categories?post=3960"},{"taxonomy":"post_tag","embeddable":true,"href":"https:\/\/portcultural.usv.ro\/en\/wp-json\/wp\/v2\/tags?post=3960"}],"curies":[{"name":"wp","href":"https:\/\/api.w.org\/{rel}","templated":true}]}}