{"id":3961,"date":"2021-05-20T09:59:33","date_gmt":"2021-05-20T06:59:33","guid":{"rendered":"https:\/\/portcultural.usv.ro\/bcm_colacu_sat_2019\/"},"modified":"2021-06-18T12:35:55","modified_gmt":"2021-06-18T09:35:55","slug":"bcm_colacu_sat_2019","status":"publish","type":"post","link":"https:\/\/portcultural.usv.ro\/en\/bcm_colacu_sat_2019\/","title":{"rendered":"BCM_Colacu_SaT_2019"},"content":{"rendered":"<p><a href=\"https:\/\/drive.google.com\/uc?id=16jVhyzWyNIqFmDPJI9QlUxl-CUm3CZsk\" target=\"_blank\" rel=\"noopener noreferrer\"><img class=\"alignleft\" src=\"https:\/\/drive.google.com\/uc?id=16jVhyzWyNIqFmDPJI9QlUxl-CUm3CZsk\" alt=\"\" width=\"410\" \/><\/a><strong>Zona etnografic\u0103: <\/strong>Bucovina, C\u00eempulung Moldovenesc<br \/><strong>Localitatea: <\/strong>Colacu<br \/><strong>Descriere succinta: <\/strong> Cas\u0103 rom\u00e2neasc\u0103 din Colacu, 1920, din lemn, compus\u0103 din 2 camere \u0219i tind\u0103, acoperi\u0219 \u00een patru table, cu drani\u021b\u0103 \u0219i plec\u0103toare, cu gang \u00een fa\u021ba casei \u0219i pridvor, pere\u021bi un\u0219i cu lut. Este situat\u0103 pe malul drept al r\u00e2ului Moldova. Are \u0219ur\u0103 cu grajd \u0219i pivni\u021b\u0103. Casa este \u00een proprietatea lui \u0218alvari Traian Ilie, fiind construc\u021bie de familie.<\/p>","protected":false},"excerpt":{"rendered":"<p>Zona etnografic\u0103: Bucovina, C\u00eempulung MoldovenescLocalitatea: ColacuDescriere succinta: Cas\u0103 rom\u00e2neasc\u0103 din Colacu, 1920, din lemn, compus\u0103 din 2 camere \u0219i tind\u0103, acoperi\u0219 \u00een patru table, cu drani\u021b\u0103 \u0219i plec\u0103toare, cu gang \u00een fa\u021ba casei \u0219i pridvor, pere\u021bi un\u0219i cu lut. Este situat\u0103 pe malul drept al r\u00e2ului Moldova. Are \u0219ur\u0103 cu grajd \u0219i pivni\u021b\u0103. Casa este &hellip;<\/p>\n<p class=\"read-more\"> <a class=\"\" href=\"https:\/\/portcultural.usv.ro\/en\/bcm_colacu_sat_2019\/\"> <span class=\"screen-reader-text\">BCM_Colacu_SaT_2019<\/span> Read More &raquo;<\/a><\/p>","protected":false},"author":1,"featured_media":4333,"comment_status":"closed","ping_status":"open","sticky":false,"template":"","format":"standard","meta":[],"categories":[38],"tags":[],"_links":{"self":[{"href":"https:\/\/portcultural.usv.ro\/en\/wp-json\/wp\/v2\/posts\/3961"}],"collection":[{"href":"https:\/\/portcultural.usv.ro\/en\/wp-json\/wp\/v2\/posts"}],"about":[{"href":"https:\/\/portcultural.usv.ro\/en\/wp-json\/wp\/v2\/types\/post"}],"author":[{"embeddable":true,"href":"https:\/\/portcultural.usv.ro\/en\/wp-json\/wp\/v2\/users\/1"}],"replies":[{"embeddable":true,"href":"https:\/\/portcultural.usv.ro\/en\/wp-json\/wp\/v2\/comments?post=3961"}],"version-history":[{"count":2,"href":"https:\/\/portcultural.usv.ro\/en\/wp-json\/wp\/v2\/posts\/3961\/revisions"}],"predecessor-version":[{"id":4293,"href":"https:\/\/portcultural.usv.ro\/en\/wp-json\/wp\/v2\/posts\/3961\/revisions\/4293"}],"wp:featuredmedia":[{"embeddable":true,"href":"https:\/\/portcultural.usv.ro\/en\/wp-json\/wp\/v2\/media\/4333"}],"wp:attachment":[{"href":"https:\/\/portcultural.usv.ro\/en\/wp-json\/wp\/v2\/media?parent=3961"}],"wp:term":[{"taxonomy":"category","embeddable":true,"href":"https:\/\/portcultural.usv.ro\/en\/wp-json\/wp\/v2\/categories?post=3961"},{"taxonomy":"post_tag","embeddable":true,"href":"https:\/\/portcultural.usv.ro\/en\/wp-json\/wp\/v2\/tags?post=3961"}],"curies":[{"name":"wp","href":"https:\/\/api.w.org\/{rel}","templated":true}]}}