{"id":3966,"date":"2021-06-05T10:05:18","date_gmt":"2021-06-05T07:05:18","guid":{"rendered":"https:\/\/portcultural.usv.ro\/bcm_ciocanesti_hd_2019\/"},"modified":"2021-06-18T12:35:24","modified_gmt":"2021-06-18T09:35:24","slug":"bcm_ciocanesti_hd_2019","status":"publish","type":"post","link":"https:\/\/portcultural.usv.ro\/en\/bcm_ciocanesti_hd_2019\/","title":{"rendered":"BCM_Cioc\u0103ne\u015fti_HD_2019"},"content":{"rendered":"<p><a href=\"https:\/\/drive.google.com\/uc?id=1b4cKPUhFO3ChZzr1BCyPFaj6hT6tdn4k\" target=\"_blank\" rel=\"noopener noreferrer\"><img class=\"alignleft\" src=\"https:\/\/drive.google.com\/uc?id=1b4cKPUhFO3ChZzr1BCyPFaj6hT6tdn4k\" alt=\"\" width=\"410\" \/><\/a><strong>Zona etnografic\u0103: <\/strong>Bucovina, C\u00eempulung Moldovenesc<br \/>\n<strong>Localitatea: <\/strong>Cioc\u0103ne\u015fti<br \/>\n<strong>Descriere succinta: <\/strong> Cas\u0103 rom\u00e2neasc\u0103 din Cioc\u0103ne\u0219ti, din 1965, din lemn decorat\u0103 cu motive tradi\u021bionale pe exterior, construit\u0103 de me\u0219teri locali. Este compus\u0103 din 3 camere, verand\u0103 \u0219i la mansard\u0103 mai este amenajat\u0103 \u00eenc\u0103 o camer\u0103. \u00cen interiorul gospod\u0103riei mai \u00eent\u00e2lnim \u00eenc\u0103 o locuin\u021b\u0103 (buc\u0103t\u0103rie de var\u0103), \u0219ur\u0103 cu grajd \u0219i f\u00e2nt\u00e2n\u0103. Este \u00een proprietatea lui Hodi\u0219 Dorin care men\u021bioneaz\u0103 c\u0103 socrii acestuia au locuit \u00een cas\u0103, iar ca modific\u0103ri s-a ad\u0103ugat o baie.<\/p>","protected":false},"excerpt":{"rendered":"<p>Zona etnografic\u0103: Bucovina, C\u00eempulung Moldovenesc Localitatea: Cioc\u0103ne\u015fti Descriere succinta: Cas\u0103 rom\u00e2neasc\u0103 din Cioc\u0103ne\u0219ti, din 1965, din lemn decorat\u0103 cu motive tradi\u021bionale pe exterior, construit\u0103 de me\u0219teri locali. Este compus\u0103 din 3 camere, verand\u0103 \u0219i la mansard\u0103 mai este amenajat\u0103 \u00eenc\u0103 o camer\u0103. \u00cen interiorul gospod\u0103riei mai \u00eent\u00e2lnim \u00eenc\u0103 o locuin\u021b\u0103 (buc\u0103t\u0103rie de var\u0103), \u0219ur\u0103 cu &hellip;<\/p>\n<p class=\"read-more\"> <a class=\"\" href=\"https:\/\/portcultural.usv.ro\/en\/bcm_ciocanesti_hd_2019\/\"> <span class=\"screen-reader-text\">BCM_Cioc\u0103ne\u015fti_HD_2019<\/span> Read More &raquo;<\/a><\/p>","protected":false},"author":1,"featured_media":4118,"comment_status":"closed","ping_status":"open","sticky":false,"template":"","format":"standard","meta":[],"categories":[38],"tags":[],"_links":{"self":[{"href":"https:\/\/portcultural.usv.ro\/en\/wp-json\/wp\/v2\/posts\/3966"}],"collection":[{"href":"https:\/\/portcultural.usv.ro\/en\/wp-json\/wp\/v2\/posts"}],"about":[{"href":"https:\/\/portcultural.usv.ro\/en\/wp-json\/wp\/v2\/types\/post"}],"author":[{"embeddable":true,"href":"https:\/\/portcultural.usv.ro\/en\/wp-json\/wp\/v2\/users\/1"}],"replies":[{"embeddable":true,"href":"https:\/\/portcultural.usv.ro\/en\/wp-json\/wp\/v2\/comments?post=3966"}],"version-history":[{"count":2,"href":"https:\/\/portcultural.usv.ro\/en\/wp-json\/wp\/v2\/posts\/3966\/revisions"}],"predecessor-version":[{"id":4095,"href":"https:\/\/portcultural.usv.ro\/en\/wp-json\/wp\/v2\/posts\/3966\/revisions\/4095"}],"wp:featuredmedia":[{"embeddable":true,"href":"https:\/\/portcultural.usv.ro\/en\/wp-json\/wp\/v2\/media\/4118"}],"wp:attachment":[{"href":"https:\/\/portcultural.usv.ro\/en\/wp-json\/wp\/v2\/media?parent=3966"}],"wp:term":[{"taxonomy":"category","embeddable":true,"href":"https:\/\/portcultural.usv.ro\/en\/wp-json\/wp\/v2\/categories?post=3966"},{"taxonomy":"post_tag","embeddable":true,"href":"https:\/\/portcultural.usv.ro\/en\/wp-json\/wp\/v2\/tags?post=3966"}],"curies":[{"name":"wp","href":"https:\/\/api.w.org\/{rel}","templated":true}]}}