{"id":3970,"date":"2021-06-12T10:51:26","date_gmt":"2021-06-12T07:51:26","guid":{"rendered":"https:\/\/portcultural.usv.ro\/bcm_ciocanesti_ted_2019\/"},"modified":"2021-06-18T12:35:23","modified_gmt":"2021-06-18T09:35:23","slug":"bcm_ciocanesti_ted_2019","status":"publish","type":"post","link":"https:\/\/portcultural.usv.ro\/en\/bcm_ciocanesti_ted_2019\/","title":{"rendered":"BCM_Cioc\u0103ne\u015fti_TeD_2019"},"content":{"rendered":"<p><a href=\"https:\/\/drive.google.com\/uc?id=1dqfLtS-ChudNNNbop7YLcueAoFw1uKSf\" target=\"_blank\" rel=\"noopener noreferrer\"><img class=\"alignleft\" src=\"https:\/\/drive.google.com\/uc?id=1dqfLtS-ChudNNNbop7YLcueAoFw1uKSf\" alt=\"\" width=\"410\" \/><\/a><strong>Zona etnografic\u0103: <\/strong>Bucovina, C\u00eempulung Moldovenesc<br \/>\n<strong>Localitatea: <\/strong>Cioc\u0103ne\u015fti<br \/>\n<strong>Descriere succinta: <\/strong> Cas\u0103 rom\u00e2neasc\u0103 din Cioc\u0103ne\u0219ti, din 1971, din lemn, compus\u0103 din 5 camere, acoperi\u0219 \u00een dou\u0103 table decorat\u0103 cu motive tradi\u021bionale pe exterior, pere\u021bii fiind un\u0219i cu lut \u00een \u00eentregime. Are \u0219ur\u0103 cu grajd, f\u00e2nt\u00e2n\u0103, f\u00e2nar \u0219i pivni\u021b\u0103. Actualul proprietar este Teu\u0219an Dumitru.<\/p>","protected":false},"excerpt":{"rendered":"<p>Zona etnografic\u0103: Bucovina, C\u00eempulung Moldovenesc Localitatea: Cioc\u0103ne\u015fti Descriere succinta: Cas\u0103 rom\u00e2neasc\u0103 din Cioc\u0103ne\u0219ti, din 1971, din lemn, compus\u0103 din 5 camere, acoperi\u0219 \u00een dou\u0103 table decorat\u0103 cu motive tradi\u021bionale pe exterior, pere\u021bii fiind un\u0219i cu lut \u00een \u00eentregime. Are \u0219ur\u0103 cu grajd, f\u00e2nt\u00e2n\u0103, f\u00e2nar \u0219i pivni\u021b\u0103. Actualul proprietar este Teu\u0219an Dumitru.<\/p>","protected":false},"author":1,"featured_media":4026,"comment_status":"closed","ping_status":"open","sticky":false,"template":"","format":"standard","meta":[],"categories":[38],"tags":[],"_links":{"self":[{"href":"https:\/\/portcultural.usv.ro\/en\/wp-json\/wp\/v2\/posts\/3970"}],"collection":[{"href":"https:\/\/portcultural.usv.ro\/en\/wp-json\/wp\/v2\/posts"}],"about":[{"href":"https:\/\/portcultural.usv.ro\/en\/wp-json\/wp\/v2\/types\/post"}],"author":[{"embeddable":true,"href":"https:\/\/portcultural.usv.ro\/en\/wp-json\/wp\/v2\/users\/1"}],"replies":[{"embeddable":true,"href":"https:\/\/portcultural.usv.ro\/en\/wp-json\/wp\/v2\/comments?post=3970"}],"version-history":[{"count":2,"href":"https:\/\/portcultural.usv.ro\/en\/wp-json\/wp\/v2\/posts\/3970\/revisions"}],"predecessor-version":[{"id":4004,"href":"https:\/\/portcultural.usv.ro\/en\/wp-json\/wp\/v2\/posts\/3970\/revisions\/4004"}],"wp:featuredmedia":[{"embeddable":true,"href":"https:\/\/portcultural.usv.ro\/en\/wp-json\/wp\/v2\/media\/4026"}],"wp:attachment":[{"href":"https:\/\/portcultural.usv.ro\/en\/wp-json\/wp\/v2\/media?parent=3970"}],"wp:term":[{"taxonomy":"category","embeddable":true,"href":"https:\/\/portcultural.usv.ro\/en\/wp-json\/wp\/v2\/categories?post=3970"},{"taxonomy":"post_tag","embeddable":true,"href":"https:\/\/portcultural.usv.ro\/en\/wp-json\/wp\/v2\/tags?post=3970"}],"curies":[{"name":"wp","href":"https:\/\/api.w.org\/{rel}","templated":true}]}}