{"id":3971,"date":"2021-05-13T03:46:58","date_gmt":"2021-05-13T00:46:58","guid":{"rendered":"https:\/\/portcultural.usv.ro\/bcm_ciocanesti_rv_2019\/"},"modified":"2021-06-18T12:35:56","modified_gmt":"2021-06-18T09:35:56","slug":"bcm_ciocanesti_rv_2019","status":"publish","type":"post","link":"https:\/\/portcultural.usv.ro\/en\/bcm_ciocanesti_rv_2019\/","title":{"rendered":"BCM_Cioc\u0103ne\u015fti_RV_2019"},"content":{"rendered":"<p><a href=\"https:\/\/drive.google.com\/uc?id=1dTHuzrxTzLGY9Ud1hHGoT_Ve3qIjlBUC\" target=\"_blank\" rel=\"noopener noreferrer\"><img class=\"alignleft\" src=\"https:\/\/drive.google.com\/uc?id=1dTHuzrxTzLGY9Ud1hHGoT_Ve3qIjlBUC\" alt=\"\" width=\"410\" \/><\/a><strong>Zona etnografic\u0103: <\/strong>Bucovina, C\u00eempulung Moldovenesc<br \/><strong>Localitatea: <\/strong>Cioc\u0103ne\u015fti<br \/><strong>Descriere succinta: <\/strong> Cas\u0103 rom\u00e2neasc\u0103 din Cioc\u0103ne\u0219ti, din 1930, din lemn, compus\u0103 din 3 camere, \u00een dou\u0103 table decorat\u0103 cu motive tradi\u021bionale florale pe exterior. Exist\u0103 \u0219i o \u0219ur\u0103 cu grajd. Este compus\u0103 din buc\u0103t\u0103rie, hol \u0219i dormitor. Actualul proprietar este Roat\u0103 Vasile.<\/p>","protected":false},"excerpt":{"rendered":"<p>Zona etnografic\u0103: Bucovina, C\u00eempulung MoldovenescLocalitatea: Cioc\u0103ne\u015ftiDescriere succinta: Cas\u0103 rom\u00e2neasc\u0103 din Cioc\u0103ne\u0219ti, din 1930, din lemn, compus\u0103 din 3 camere, \u00een dou\u0103 table decorat\u0103 cu motive tradi\u021bionale florale pe exterior. Exist\u0103 \u0219i o \u0219ur\u0103 cu grajd. Este compus\u0103 din buc\u0103t\u0103rie, hol \u0219i dormitor. Actualul proprietar este Roat\u0103 Vasile.<\/p>","protected":false},"author":1,"featured_media":4437,"comment_status":"closed","ping_status":"open","sticky":false,"template":"","format":"standard","meta":[],"categories":[38],"tags":[],"_links":{"self":[{"href":"https:\/\/portcultural.usv.ro\/en\/wp-json\/wp\/v2\/posts\/3971"}],"collection":[{"href":"https:\/\/portcultural.usv.ro\/en\/wp-json\/wp\/v2\/posts"}],"about":[{"href":"https:\/\/portcultural.usv.ro\/en\/wp-json\/wp\/v2\/types\/post"}],"author":[{"embeddable":true,"href":"https:\/\/portcultural.usv.ro\/en\/wp-json\/wp\/v2\/users\/1"}],"replies":[{"embeddable":true,"href":"https:\/\/portcultural.usv.ro\/en\/wp-json\/wp\/v2\/comments?post=3971"}],"version-history":[{"count":2,"href":"https:\/\/portcultural.usv.ro\/en\/wp-json\/wp\/v2\/posts\/3971\/revisions"}],"predecessor-version":[{"id":4440,"href":"https:\/\/portcultural.usv.ro\/en\/wp-json\/wp\/v2\/posts\/3971\/revisions\/4440"}],"wp:featuredmedia":[{"embeddable":true,"href":"https:\/\/portcultural.usv.ro\/en\/wp-json\/wp\/v2\/media\/4437"}],"wp:attachment":[{"href":"https:\/\/portcultural.usv.ro\/en\/wp-json\/wp\/v2\/media?parent=3971"}],"wp:term":[{"taxonomy":"category","embeddable":true,"href":"https:\/\/portcultural.usv.ro\/en\/wp-json\/wp\/v2\/categories?post=3971"},{"taxonomy":"post_tag","embeddable":true,"href":"https:\/\/portcultural.usv.ro\/en\/wp-json\/wp\/v2\/tags?post=3971"}],"curies":[{"name":"wp","href":"https:\/\/api.w.org\/{rel}","templated":true}]}}