{"id":3973,"date":"2021-05-12T19:34:33","date_gmt":"2021-05-12T16:34:33","guid":{"rendered":"https:\/\/portcultural.usv.ro\/bcm_botos_ti_2019\/"},"modified":"2021-06-18T12:35:56","modified_gmt":"2021-06-18T09:35:56","slug":"bcm_botos_ti_2019","status":"publish","type":"post","link":"https:\/\/portcultural.usv.ro\/en\/bcm_botos_ti_2019\/","title":{"rendered":"BCM_Boto\u015f_TI_2019"},"content":{"rendered":"<p><a href=\"https:\/\/drive.google.com\/uc?id=1VyCbjStp3U7Ul82g0Tf24JzMTeXVKKwG\" target=\"_blank\" rel=\"noopener noreferrer\"><img class=\"alignleft\" src=\"https:\/\/drive.google.com\/uc?id=1VyCbjStp3U7Ul82g0Tf24JzMTeXVKKwG\" alt=\"\" width=\"410\" \/><\/a><strong>Zona etnografic\u0103: <\/strong>Bucovina, C\u00eempulung Moldovenesc<br \/><strong>Localitatea: <\/strong>Boto\u015f<br \/><strong>Descriere succinta: <\/strong> Cas\u0103 rom\u00e2neasc\u0103 din Boto\u0219, din 1930, din lemn, compus\u0103 din 2 camere, tind\u0103 \u0219i c\u0103mar\u0103, acoperi\u0219 \u00een dou\u0103 table, pere\u021bii din lemn, cu pridvor \u0219i gang deschis \u00een fa\u021ba casei. Este pus\u0103 o fa\u021bad\u0103 din lemn peste pere\u021bii un\u0219i cu lut. Intrarea \u00een pod se face printr-o scar\u0103 din fa\u021ba casei. Ca anex\u0103 mai \u00eent\u00e2lnim \u0219i o \u0219ur\u0103 cu grajd \u0219i o buc\u0103t\u0103rie de var\u0103. Persoana de contact Tomoioag\u0103 Ileanea ne spune despre cas\u0103 c\u0103 \u00een a au locuit doar socrii ei \u0219i a r\u0103mas copiilor.<\/p>","protected":false},"excerpt":{"rendered":"<p>Zona etnografic\u0103: Bucovina, C\u00eempulung MoldovenescLocalitatea: Boto\u015fDescriere succinta: Cas\u0103 rom\u00e2neasc\u0103 din Boto\u0219, din 1930, din lemn, compus\u0103 din 2 camere, tind\u0103 \u0219i c\u0103mar\u0103, acoperi\u0219 \u00een dou\u0103 table, pere\u021bii din lemn, cu pridvor \u0219i gang deschis \u00een fa\u021ba casei. Este pus\u0103 o fa\u021bad\u0103 din lemn peste pere\u021bii un\u0219i cu lut. Intrarea \u00een pod se face printr-o scar\u0103 &hellip;<\/p>\n<p class=\"read-more\"> <a class=\"\" href=\"https:\/\/portcultural.usv.ro\/en\/bcm_botos_ti_2019\/\"> <span class=\"screen-reader-text\">BCM_Boto\u015f_TI_2019<\/span> Read More &raquo;<\/a><\/p>","protected":false},"author":1,"featured_media":4457,"comment_status":"closed","ping_status":"open","sticky":false,"template":"","format":"standard","meta":[],"categories":[38],"tags":[],"_links":{"self":[{"href":"https:\/\/portcultural.usv.ro\/en\/wp-json\/wp\/v2\/posts\/3973"}],"collection":[{"href":"https:\/\/portcultural.usv.ro\/en\/wp-json\/wp\/v2\/posts"}],"about":[{"href":"https:\/\/portcultural.usv.ro\/en\/wp-json\/wp\/v2\/types\/post"}],"author":[{"embeddable":true,"href":"https:\/\/portcultural.usv.ro\/en\/wp-json\/wp\/v2\/users\/1"}],"replies":[{"embeddable":true,"href":"https:\/\/portcultural.usv.ro\/en\/wp-json\/wp\/v2\/comments?post=3973"}],"version-history":[{"count":2,"href":"https:\/\/portcultural.usv.ro\/en\/wp-json\/wp\/v2\/posts\/3973\/revisions"}],"predecessor-version":[{"id":4443,"href":"https:\/\/portcultural.usv.ro\/en\/wp-json\/wp\/v2\/posts\/3973\/revisions\/4443"}],"wp:featuredmedia":[{"embeddable":true,"href":"https:\/\/portcultural.usv.ro\/en\/wp-json\/wp\/v2\/media\/4457"}],"wp:attachment":[{"href":"https:\/\/portcultural.usv.ro\/en\/wp-json\/wp\/v2\/media?parent=3973"}],"wp:term":[{"taxonomy":"category","embeddable":true,"href":"https:\/\/portcultural.usv.ro\/en\/wp-json\/wp\/v2\/categories?post=3973"},{"taxonomy":"post_tag","embeddable":true,"href":"https:\/\/portcultural.usv.ro\/en\/wp-json\/wp\/v2\/tags?post=3973"}],"curies":[{"name":"wp","href":"https:\/\/api.w.org\/{rel}","templated":true}]}}