{"id":5353,"date":"2021-09-23T10:50:35","date_gmt":"2021-09-23T07:50:35","guid":{"rendered":"https:\/\/portcultural.usv.ro\/?p=5353"},"modified":"2021-12-13T10:36:50","modified_gmt":"2021-12-13T08:36:50","slug":"modele-de-valorificare-a-patrimoniului-construit-in-zona-podisului-tarnavelor","status":"publish","type":"post","link":"https:\/\/portcultural.usv.ro\/en\/modele-de-valorificare-a-patrimoniului-construit-in-zona-podisului-tarnavelor\/","title":{"rendered":"Modele de valorificare a patrimoniului construit \u00een zona Podi\u0219ului T\u00e2rnavelor"},"content":{"rendered":"<p><b>Echipa proiectului PORT Cultural, coordonat\u0103 de conf. univ. dr. Daniel \u0218tefan, decan al Facult\u0103\u021bii de Economie \u0219i Drept<\/b><span style=\"font-weight: 400;\">, v\u0103 invit\u0103 <\/span><b>joi,\u00a0 23 septembrie 2021, de la ora 13:00, <\/b><span style=\"font-weight: 400;\">la un eveniment de diseminare al rezultatelor proiectului, cu titlul <\/span><b><i>\u201eModele de valorificare a patrimoniului construit \u00een zona Podi\u0219ului T\u00e2rnavelor\u201d<\/i><\/b><span style=\"font-weight: 400;\">, organizat la Podgoria Villa Vinea, sat Mica, jud. Mure\u0219, cu invita\u021bi de la institu\u021bii de cercetare de prestigiu din Rom\u00e2nia.\u00a0\u00a0<\/span><\/p>\n<p><b><span style=\"font-weight: 400;\"><img loading=\"lazy\" class=\"alignnone wp-image-5356\" src=\"https:\/\/portcultural.usv.ro\/wp-content\/uploads\/poza-Mica-4-300x215.jpeg\" alt=\"\" width=\"314\" height=\"225\" srcset=\"https:\/\/portcultural.usv.ro\/wp-content\/uploads\/poza-Mica-4-300x215.jpeg 300w, https:\/\/portcultural.usv.ro\/wp-content\/uploads\/poza-Mica-4-1024x734.jpeg 1024w, https:\/\/portcultural.usv.ro\/wp-content\/uploads\/poza-Mica-4-150x108.jpeg 150w, https:\/\/portcultural.usv.ro\/wp-content\/uploads\/poza-Mica-4-768x551.jpeg 768w, https:\/\/portcultural.usv.ro\/wp-content\/uploads\/poza-Mica-4-1536x1102.jpeg 1536w, https:\/\/portcultural.usv.ro\/wp-content\/uploads\/poza-Mica-4-2048x1469.jpeg 2048w, https:\/\/portcultural.usv.ro\/wp-content\/uploads\/poza-Mica-4-18x12.jpeg 18w, https:\/\/portcultural.usv.ro\/wp-content\/uploads\/poza-Mica-4-24x17.jpeg 24w, https:\/\/portcultural.usv.ro\/wp-content\/uploads\/poza-Mica-4-36x26.jpeg 36w, https:\/\/portcultural.usv.ro\/wp-content\/uploads\/poza-Mica-4-48x34.jpeg 48w\" sizes=\"(max-width: 314px) 100vw, 314px\" \/> <img loading=\"lazy\" class=\"alignnone wp-image-5357\" src=\"https:\/\/portcultural.usv.ro\/wp-content\/uploads\/poza-Mica-1-300x198.jpg\" alt=\"\" width=\"341\" height=\"225\" srcset=\"https:\/\/portcultural.usv.ro\/wp-content\/uploads\/poza-Mica-1-300x198.jpg 300w, https:\/\/portcultural.usv.ro\/wp-content\/uploads\/poza-Mica-1-1024x675.jpg 1024w, https:\/\/portcultural.usv.ro\/wp-content\/uploads\/poza-Mica-1-150x99.jpg 150w, https:\/\/portcultural.usv.ro\/wp-content\/uploads\/poza-Mica-1-768x507.jpg 768w, https:\/\/portcultural.usv.ro\/wp-content\/uploads\/poza-Mica-1-1536x1013.jpg 1536w, https:\/\/portcultural.usv.ro\/wp-content\/uploads\/poza-Mica-1-2048x1351.jpg 2048w, https:\/\/portcultural.usv.ro\/wp-content\/uploads\/poza-Mica-1-18x12.jpg 18w, https:\/\/portcultural.usv.ro\/wp-content\/uploads\/poza-Mica-1-24x16.jpg 24w, https:\/\/portcultural.usv.ro\/wp-content\/uploads\/poza-Mica-1-36x24.jpg 36w, https:\/\/portcultural.usv.ro\/wp-content\/uploads\/poza-Mica-1-48x32.jpg 48w\" sizes=\"(max-width: 341px) 100vw, 341px\" \/><\/span><\/b><\/p>\n<p><span style=\"font-weight: 400;\">\u00cen cadrul evenimentului se vor prezenta aspecte legate de patrimoniul construit identificat \u00een zona Transilvaniei, bune practici \u0219i solu\u021bii inovative\u00a0 privind conservarea \u0219i valorificarea patrimoniului construit.\u00a0\u00a0<\/span><\/p>\n<p><span style=\"font-weight: 400;\">Prezen\u021ba dumneavoastr\u0103 la acest eveniment constituie un important pas pentru colabor\u0103ri viitoare cu impact local.\u00a0<\/span><\/p>\n<p><span style=\"font-weight: 400;\">V\u0103 rug\u0103m s\u0103 ne confirma\u021bi participarea p\u00e2n\u0103 miercuri, 22 septembrie 2021, ora 16,\u00a0<\/span><span style=\"font-weight: 400;\">la nr. de telefon 0755688296 sau prin e-mail la adresa: maria.popa@umfst.ro.\u00a0<\/span><\/p>\n<p>Programul evenimentului poate fi vizualizat <a href=\"https:\/\/portcultural.usv.ro\/wp-content\/uploads\/Agenda-eveniment-Mica-A3.2.6.pdf\">aici<\/a>.<\/p>\n<p><span style=\"font-weight: 400;\">V\u0103 a\u0219tept\u0103m cu drag,\u00a0<\/span><\/p>\n<p><i><span style=\"font-weight: 400;\">Echipa proiectului PORT Cultural<\/span><\/i><\/p>\n<p>&nbsp;<\/p>\n<div id=\"gtx-trans\" style=\"position: absolute; left: 1082px; top: -1.66667px;\">\n<div class=\"gtx-trans-icon\"><\/div>\n<\/div>","protected":false},"excerpt":{"rendered":"<p>Echipa proiectului PORT Cultural, coordonat\u0103 de conf. univ. dr. Daniel \u0218tefan, decan al Facult\u0103\u021bii de Economie \u0219i Drept, v\u0103 invit\u0103 joi,\u00a0 23 septembrie 2021, de la ora 13:00, la un eveniment de diseminare al rezultatelor proiectului, cu titlul \u201eModele de valorificare a patrimoniului construit \u00een zona Podi\u0219ului T\u00e2rnavelor\u201d, organizat la Podgoria Villa Vinea, sat Mica, &hellip;<\/p>\n<p class=\"read-more\"> <a class=\"\" href=\"https:\/\/portcultural.usv.ro\/en\/modele-de-valorificare-a-patrimoniului-construit-in-zona-podisului-tarnavelor\/\"> <span class=\"screen-reader-text\">Modele de valorificare a patrimoniului construit \u00een zona Podi\u0219ului T\u00e2rnavelor<\/span> Read More &raquo;<\/a><\/p>","protected":false},"author":2,"featured_media":5354,"comment_status":"closed","ping_status":"closed","sticky":false,"template":"","format":"standard","meta":[],"categories":[15],"tags":[24],"_links":{"self":[{"href":"https:\/\/portcultural.usv.ro\/en\/wp-json\/wp\/v2\/posts\/5353"}],"collection":[{"href":"https:\/\/portcultural.usv.ro\/en\/wp-json\/wp\/v2\/posts"}],"about":[{"href":"https:\/\/portcultural.usv.ro\/en\/wp-json\/wp\/v2\/types\/post"}],"author":[{"embeddable":true,"href":"https:\/\/portcultural.usv.ro\/en\/wp-json\/wp\/v2\/users\/2"}],"replies":[{"embeddable":true,"href":"https:\/\/portcultural.usv.ro\/en\/wp-json\/wp\/v2\/comments?post=5353"}],"version-history":[{"count":5,"href":"https:\/\/portcultural.usv.ro\/en\/wp-json\/wp\/v2\/posts\/5353\/revisions"}],"predecessor-version":[{"id":6050,"href":"https:\/\/portcultural.usv.ro\/en\/wp-json\/wp\/v2\/posts\/5353\/revisions\/6050"}],"wp:featuredmedia":[{"embeddable":true,"href":"https:\/\/portcultural.usv.ro\/en\/wp-json\/wp\/v2\/media\/5354"}],"wp:attachment":[{"href":"https:\/\/portcultural.usv.ro\/en\/wp-json\/wp\/v2\/media?parent=5353"}],"wp:term":[{"taxonomy":"category","embeddable":true,"href":"https:\/\/portcultural.usv.ro\/en\/wp-json\/wp\/v2\/categories?post=5353"},{"taxonomy":"post_tag","embeddable":true,"href":"https:\/\/portcultural.usv.ro\/en\/wp-json\/wp\/v2\/tags?post=5353"}],"curies":[{"name":"wp","href":"https:\/\/api.w.org\/{rel}","templated":true}]}}