{"id":5363,"date":"2021-09-23T11:07:36","date_gmt":"2021-09-23T08:07:36","guid":{"rendered":"https:\/\/portcultural.usv.ro\/?p=5363"},"modified":"2021-12-13T10:35:14","modified_gmt":"2021-12-13T08:35:14","slug":"modele-de-valorificare-a-patrimoniului-construit-in-satele-sasesti-ale-transilvaniei","status":"publish","type":"post","link":"https:\/\/portcultural.usv.ro\/en\/modele-de-valorificare-a-patrimoniului-construit-in-satele-sasesti-ale-transilvaniei\/","title":{"rendered":"Modele de valorificare a patrimoniului construit \u00een satele s\u0103se\u0219ti ale Transilvaniei"},"content":{"rendered":"<p><b>Echipa proiectului PORT Cultural, coordonat\u0103 de conf. univ. dr. Daniel \u0218tefan, decan al Facult\u0103\u021bii de Economie \u0219i Drept<\/b><span style=\"font-weight: 400;\">, v\u0103 invit\u0103 <\/span><b>vineri,\u00a0 24 septembrie 2021, de la ora 11:00, <\/b><span style=\"font-weight: 400;\">la un eveniment de diseminare al rezultatelor proiectului, cu titlul <\/span><b><i>\u201eModele de valorificare a patrimoniului construit \u00een satele s\u0103se\u0219ti ale Transilvaniei\u201d<\/i><\/b><span style=\"font-weight: 400;\">, organizat la Camping \u201eZori\u201d \u00een satul Cloa\u0219terf, jud. Mure\u0219, cu invita\u021bi de la institu\u021bii de cercetare de prestigiu din Rom\u00e2nia.\u00a0\u00a0<\/span><\/p>\n<p style=\"text-align: center;\"><img loading=\"lazy\" class=\"alignnone size-medium wp-image-5367\" src=\"https:\/\/portcultural.usv.ro\/wp-content\/uploads\/poza-Cloasterf-2-226x300.jpg\" alt=\"\" width=\"226\" height=\"300\" srcset=\"https:\/\/portcultural.usv.ro\/wp-content\/uploads\/poza-Cloasterf-2-226x300.jpg 226w, https:\/\/portcultural.usv.ro\/wp-content\/uploads\/poza-Cloasterf-2-770x1024.jpg 770w, https:\/\/portcultural.usv.ro\/wp-content\/uploads\/poza-Cloasterf-2-113x150.jpg 113w, https:\/\/portcultural.usv.ro\/wp-content\/uploads\/poza-Cloasterf-2-768x1022.jpg 768w, https:\/\/portcultural.usv.ro\/wp-content\/uploads\/poza-Cloasterf-2-9x12.jpg 9w, https:\/\/portcultural.usv.ro\/wp-content\/uploads\/poza-Cloasterf-2-18x24.jpg 18w, https:\/\/portcultural.usv.ro\/wp-content\/uploads\/poza-Cloasterf-2-27x36.jpg 27w, https:\/\/portcultural.usv.ro\/wp-content\/uploads\/poza-Cloasterf-2-36x48.jpg 36w, https:\/\/portcultural.usv.ro\/wp-content\/uploads\/poza-Cloasterf-2.jpg 902w\" sizes=\"(max-width: 226px) 100vw, 226px\" \/>\u00a0 \u00a0 \u00a0\u00a0 <img loading=\"lazy\" class=\"alignnone size-medium wp-image-5364\" src=\"https:\/\/portcultural.usv.ro\/wp-content\/uploads\/poza-Cloasterf-1-229x300.jpg\" alt=\"\" width=\"229\" height=\"300\" srcset=\"https:\/\/portcultural.usv.ro\/wp-content\/uploads\/poza-Cloasterf-1-229x300.jpg 229w, https:\/\/portcultural.usv.ro\/wp-content\/uploads\/poza-Cloasterf-1-783x1024.jpg 783w, https:\/\/portcultural.usv.ro\/wp-content\/uploads\/poza-Cloasterf-1-115x150.jpg 115w, https:\/\/portcultural.usv.ro\/wp-content\/uploads\/poza-Cloasterf-1-768x1005.jpg 768w, https:\/\/portcultural.usv.ro\/wp-content\/uploads\/poza-Cloasterf-1-1174x1536.jpg 1174w, https:\/\/portcultural.usv.ro\/wp-content\/uploads\/poza-Cloasterf-1-1566x2048.jpg 1566w, https:\/\/portcultural.usv.ro\/wp-content\/uploads\/poza-Cloasterf-1-9x12.jpg 9w, https:\/\/portcultural.usv.ro\/wp-content\/uploads\/poza-Cloasterf-1-18x24.jpg 18w, https:\/\/portcultural.usv.ro\/wp-content\/uploads\/poza-Cloasterf-1-28x36.jpg 28w, https:\/\/portcultural.usv.ro\/wp-content\/uploads\/poza-Cloasterf-1-37x48.jpg 37w, https:\/\/portcultural.usv.ro\/wp-content\/uploads\/poza-Cloasterf-1-scaled.jpg 1957w\" sizes=\"(max-width: 229px) 100vw, 229px\" \/><\/p>\n<p><span style=\"font-weight: 400;\">\u00cen cadrul evenimentului se vor prezenta aspecte legate de patrimoniul construit identificat \u00een zona Transilvaniei, bune practici \u0219i solu\u021bii inovative\u00a0 privind conservarea \u0219i valorificarea patrimoniului construit.\u00a0\u00a0<\/span><\/p>\n<p><span style=\"font-weight: 400;\">Prezen\u021ba dumneavoastr\u0103 la acest eveniment constituie un important pas pentru colabor\u0103ri viitoare cu impact local.\u00a0<\/span><\/p>\n<p><span style=\"font-weight: 400;\">V\u0103 rug\u0103m s\u0103 ne confirma\u021bi participarea p\u00e2n\u0103 miercuri, 22 septembrie 2021, ora 16,\u00a0<\/span><\/p>\n<p><span style=\"font-weight: 400;\">la nr. de telefon 0755688296 sau prin e-mail la adresa: maria.popa@umfst.ro.\u00a0<\/span><\/p>\n<p>Programul evenimentului poate fi vizualizat\u00a0<a href=\"https:\/\/portcultural.usv.ro\/wp-content\/uploads\/Agenda-eveniment-Cloasterf-A3.2.6.pdf\">aici<\/a>.<\/p>\n<p><span style=\"font-weight: 400;\">V\u0103 a\u0219tept\u0103m cu drag,\u00a0<\/span><\/p>\n<p><i><span style=\"font-weight: 400;\">Echipa proiectului PORT Cultural<\/span><\/i><\/p>","protected":false},"excerpt":{"rendered":"<p>Echipa proiectului PORT Cultural, coordonat\u0103 de conf. univ. dr. Daniel \u0218tefan, decan al Facult\u0103\u021bii de Economie \u0219i Drept, v\u0103 invit\u0103 vineri,\u00a0 24 septembrie 2021, de la ora 11:00, la un eveniment de diseminare al rezultatelor proiectului, cu titlul \u201eModele de valorificare a patrimoniului construit \u00een satele s\u0103se\u0219ti ale Transilvaniei\u201d, organizat la Camping \u201eZori\u201d \u00een satul &hellip;<\/p>\n<p class=\"read-more\"> <a class=\"\" href=\"https:\/\/portcultural.usv.ro\/en\/modele-de-valorificare-a-patrimoniului-construit-in-satele-sasesti-ale-transilvaniei\/\"> <span class=\"screen-reader-text\">Modele de valorificare a patrimoniului construit \u00een satele s\u0103se\u0219ti ale Transilvaniei<\/span> Read More &raquo;<\/a><\/p>","protected":false},"author":2,"featured_media":5366,"comment_status":"closed","ping_status":"closed","sticky":false,"template":"","format":"standard","meta":[],"categories":[15],"tags":[24],"_links":{"self":[{"href":"https:\/\/portcultural.usv.ro\/en\/wp-json\/wp\/v2\/posts\/5363"}],"collection":[{"href":"https:\/\/portcultural.usv.ro\/en\/wp-json\/wp\/v2\/posts"}],"about":[{"href":"https:\/\/portcultural.usv.ro\/en\/wp-json\/wp\/v2\/types\/post"}],"author":[{"embeddable":true,"href":"https:\/\/portcultural.usv.ro\/en\/wp-json\/wp\/v2\/users\/2"}],"replies":[{"embeddable":true,"href":"https:\/\/portcultural.usv.ro\/en\/wp-json\/wp\/v2\/comments?post=5363"}],"version-history":[{"count":2,"href":"https:\/\/portcultural.usv.ro\/en\/wp-json\/wp\/v2\/posts\/5363\/revisions"}],"predecessor-version":[{"id":6049,"href":"https:\/\/portcultural.usv.ro\/en\/wp-json\/wp\/v2\/posts\/5363\/revisions\/6049"}],"wp:featuredmedia":[{"embeddable":true,"href":"https:\/\/portcultural.usv.ro\/en\/wp-json\/wp\/v2\/media\/5366"}],"wp:attachment":[{"href":"https:\/\/portcultural.usv.ro\/en\/wp-json\/wp\/v2\/media?parent=5363"}],"wp:term":[{"taxonomy":"category","embeddable":true,"href":"https:\/\/portcultural.usv.ro\/en\/wp-json\/wp\/v2\/categories?post=5363"},{"taxonomy":"post_tag","embeddable":true,"href":"https:\/\/portcultural.usv.ro\/en\/wp-json\/wp\/v2\/tags?post=5363"}],"curies":[{"name":"wp","href":"https:\/\/api.w.org\/{rel}","templated":true}]}}