{"id":6178,"date":"2022-02-14T16:12:46","date_gmt":"2022-02-14T14:12:46","guid":{"rendered":"https:\/\/portcultural.usv.ro\/?p=6178"},"modified":"2022-02-14T17:18:14","modified_gmt":"2022-02-14T15:18:14","slug":"expozitie-case-traditionale-din-bucovina","status":"publish","type":"post","link":"https:\/\/portcultural.usv.ro\/en\/expozitie-case-traditionale-din-bucovina\/","title":{"rendered":"Expozi\u021bie case tradi\u021bionale din Bucovina"},"content":{"rendered":"<div data-elementor-type=\"wp-post\" data-elementor-id=\"6178\" class=\"elementor elementor-6178\" data-elementor-settings=\"[]\">\n\t\t\t\t\t\t<div class=\"elementor-inner\">\n\t\t\t\t\t\t\t<div class=\"elementor-section-wrap\">\n\t\t\t\t\t\t\t<section class=\"elementor-section elementor-top-section elementor-element elementor-element-4eb4bd65 elementor-section-boxed elementor-section-height-default elementor-section-height-default\" data-id=\"4eb4bd65\" data-element_type=\"section\">\n\t\t\t\t\t\t<div class=\"elementor-container elementor-column-gap-default\">\n\t\t\t\t\t\t\t<div class=\"elementor-row\">\n\t\t\t\t\t<div class=\"elementor-column elementor-col-100 elementor-top-column elementor-element elementor-element-818d187\" data-id=\"818d187\" data-element_type=\"column\">\n\t\t\t<div class=\"elementor-column-wrap elementor-element-populated\">\n\t\t\t\t\t\t\t<div class=\"elementor-widget-wrap\">\n\t\t\t\t\t\t<div class=\"elementor-element elementor-element-4245e89 elementor-widget elementor-widget-text-editor\" data-id=\"4245e89\" data-element_type=\"widget\" data-widget_type=\"text-editor.default\">\n\t\t\t\t<div class=\"elementor-widget-container\">\n\t\t\t\t\t\t\t\t<div class=\"elementor-text-editor elementor-clearfix\">\n\t\t\t\t<p>\u00cen perioada de sustenabilitate a proiectului PORT Cultural continu\u0103m s\u0103 promov\u0103m rezultatele realizate, iar una dintre activit\u0103\u021bile de diseminare este organizarea unei expozi\u021bii a plan\u0219elor arhitecturale con\u021bin\u00e2nd propuneri de amenajare a caselor tradi\u021bionale din Bucovina, realizate de colegii no\u0219tri de la Facultatea de Arhitectur\u0103 din Ia\u0219i. Aceste plan\u0219e integreaz\u0103 \u00een peisajul existent, \u00een mod armonios, solu\u021bii arhitecturale \u0219i economice de valorificare a patrimoniului construit din Bucovina, prin identificarea unor modalit\u0103\u021bi de adaptare a caselor tradi\u021bionale la func\u021bionalit\u0103\u021bi contemporane.<\/p><p><strong>\u00a0<\/strong><\/p><p><strong>Expozi\u021bia PORT Cultural<\/strong> este organizat\u0103 \u00een tandem cu <strong>expozi\u021bia temporar\u0103 Case de lemn din Bucovina &#8211; miniaturi de Johann Timko<\/strong>.<\/p><p>Pentru a experimenta o incursiune \u00een istoria, prezentul si viitorul caselor tradi\u021bionale din Bucovina, expozi\u021biile pot fi vizualizate la <strong>Sala Mezaninelor, etajul 1 din corpul A al Universit\u0103\u021bii \u201d\u0218tefan cel Mare\u201d din Suceava<\/strong>.<\/p><p>\u00a0<\/p><p><img loading=\"lazy\" src=\"https:\/\/portcultural.usv.ro\/wp-content\/uploads\/IMG20220214125132-300x225.jpg\" alt=\"\" width=\"300\" height=\"225\" \/> <img loading=\"lazy\" src=\"https:\/\/portcultural.usv.ro\/wp-content\/uploads\/IMG20220214123632-300x225.jpg\" alt=\"\" width=\"300\" height=\"225\" \/> <img loading=\"lazy\" src=\"https:\/\/portcultural.usv.ro\/wp-content\/uploads\/IMG20220214131229-300x225.jpg\" alt=\"\" width=\"300\" height=\"225\" \/><\/p>\t\t\t\t\t<\/div>\n\t\t\t\t\t\t<\/div>\n\t\t\t\t<\/div>\n\t\t\t\t\t\t<\/div>\n\t\t\t\t\t<\/div>\n\t\t<\/div>\n\t\t\t\t\t\t\t\t<\/div>\n\t\t\t\t\t<\/div>\n\t\t<\/section>\n\t\t\t\t\t\t<\/div>\n\t\t\t\t\t\t<\/div>\n\t\t\t\t\t<\/div>","protected":false},"excerpt":{"rendered":"<p>\u00cen perioada de sustenabilitate a proiectului PORT Cultural continu\u0103m s\u0103 promov\u0103m rezultatele realizate, iar una dintre activit\u0103\u021bile de diseminare este organizarea unei expozi\u021bii a plan\u0219elor arhitecturale con\u021bin\u00e2nd propuneri de amenajare a caselor tradi\u021bionale din Bucovina, realizate de colegii no\u0219tri de la Facultatea de Arhitectur\u0103 din Ia\u0219i. Aceste plan\u0219e integreaz\u0103 \u00een peisajul existent, \u00een mod armonios, &hellip;<\/p>\n<p class=\"read-more\"> <a class=\"\" href=\"https:\/\/portcultural.usv.ro\/en\/expozitie-case-traditionale-din-bucovina\/\"> <span class=\"screen-reader-text\">Expozi\u021bie case tradi\u021bionale din Bucovina<\/span> Read More &raquo;<\/a><\/p>","protected":false},"author":2,"featured_media":6224,"comment_status":"closed","ping_status":"closed","sticky":false,"template":"","format":"standard","meta":[],"categories":[25,15],"tags":[],"_links":{"self":[{"href":"https:\/\/portcultural.usv.ro\/en\/wp-json\/wp\/v2\/posts\/6178"}],"collection":[{"href":"https:\/\/portcultural.usv.ro\/en\/wp-json\/wp\/v2\/posts"}],"about":[{"href":"https:\/\/portcultural.usv.ro\/en\/wp-json\/wp\/v2\/types\/post"}],"author":[{"embeddable":true,"href":"https:\/\/portcultural.usv.ro\/en\/wp-json\/wp\/v2\/users\/2"}],"replies":[{"embeddable":true,"href":"https:\/\/portcultural.usv.ro\/en\/wp-json\/wp\/v2\/comments?post=6178"}],"version-history":[{"count":25,"href":"https:\/\/portcultural.usv.ro\/en\/wp-json\/wp\/v2\/posts\/6178\/revisions"}],"predecessor-version":[{"id":6227,"href":"https:\/\/portcultural.usv.ro\/en\/wp-json\/wp\/v2\/posts\/6178\/revisions\/6227"}],"wp:featuredmedia":[{"embeddable":true,"href":"https:\/\/portcultural.usv.ro\/en\/wp-json\/wp\/v2\/media\/6224"}],"wp:attachment":[{"href":"https:\/\/portcultural.usv.ro\/en\/wp-json\/wp\/v2\/media?parent=6178"}],"wp:term":[{"taxonomy":"category","embeddable":true,"href":"https:\/\/portcultural.usv.ro\/en\/wp-json\/wp\/v2\/categories?post=6178"},{"taxonomy":"post_tag","embeddable":true,"href":"https:\/\/portcultural.usv.ro\/en\/wp-json\/wp\/v2\/tags?post=6178"}],"curies":[{"name":"wp","href":"https:\/\/api.w.org\/{rel}","templated":true}]}}