{"id":6239,"date":"2022-04-19T12:11:01","date_gmt":"2022-04-19T09:11:01","guid":{"rendered":"https:\/\/portcultural.usv.ro\/?p=6239"},"modified":"2022-04-19T13:26:55","modified_gmt":"2022-04-19T10:26:55","slug":"oamenii-patrimoniului-2021","status":"publish","type":"post","link":"https:\/\/portcultural.usv.ro\/en\/oamenii-patrimoniului-2021\/","title":{"rendered":"Oamenii patrimoniului &#8211; 2021"},"content":{"rendered":"<div data-elementor-type=\"wp-post\" data-elementor-id=\"6239\" class=\"elementor elementor-6239\" data-elementor-settings=\"[]\">\n\t\t\t\t\t\t<div class=\"elementor-inner\">\n\t\t\t\t\t\t\t<div class=\"elementor-section-wrap\">\n\t\t\t\t\t\t\t<section class=\"elementor-section elementor-top-section elementor-element elementor-element-70e5029 elementor-section-full_width elementor-section-stretched elementor-section-height-default elementor-section-height-default\" data-id=\"70e5029\" data-element_type=\"section\" data-settings=\"{&quot;stretch_section&quot;:&quot;section-stretched&quot;}\">\n\t\t\t\t\t\t<div class=\"elementor-container elementor-column-gap-default\">\n\t\t\t\t\t\t\t<div class=\"elementor-row\">\n\t\t\t\t\t<div class=\"elementor-column elementor-col-100 elementor-top-column elementor-element elementor-element-86b748b\" data-id=\"86b748b\" data-element_type=\"column\">\n\t\t\t<div class=\"elementor-column-wrap elementor-element-populated\">\n\t\t\t\t\t\t\t<div class=\"elementor-widget-wrap\">\n\t\t\t\t\t\t<div class=\"elementor-element elementor-element-8b4e0bf elementor-widget elementor-widget-image\" data-id=\"8b4e0bf\" data-element_type=\"widget\" data-widget_type=\"image.default\">\n\t\t\t\t<div class=\"elementor-widget-container\">\n\t\t\t\t\t\t\t\t<div class=\"elementor-image\">\n\t\t\t\t\t\t\t\t\t\t\t\t<img width=\"2194\" height=\"679\" src=\"https:\/\/portcultural.usv.ro\/wp-content\/uploads\/OP_2021.jpg\" class=\"attachment-full size-full\" alt=\"\" loading=\"lazy\" srcset=\"https:\/\/portcultural.usv.ro\/wp-content\/uploads\/OP_2021.jpg 2194w, https:\/\/portcultural.usv.ro\/wp-content\/uploads\/OP_2021-300x93.jpg 300w, https:\/\/portcultural.usv.ro\/wp-content\/uploads\/OP_2021-1024x317.jpg 1024w, https:\/\/portcultural.usv.ro\/wp-content\/uploads\/OP_2021-150x46.jpg 150w, https:\/\/portcultural.usv.ro\/wp-content\/uploads\/OP_2021-768x238.jpg 768w, https:\/\/portcultural.usv.ro\/wp-content\/uploads\/OP_2021-1536x475.jpg 1536w, https:\/\/portcultural.usv.ro\/wp-content\/uploads\/OP_2021-2048x634.jpg 2048w, https:\/\/portcultural.usv.ro\/wp-content\/uploads\/OP_2021-18x6.jpg 18w, https:\/\/portcultural.usv.ro\/wp-content\/uploads\/OP_2021-24x7.jpg 24w, https:\/\/portcultural.usv.ro\/wp-content\/uploads\/OP_2021-36x11.jpg 36w, https:\/\/portcultural.usv.ro\/wp-content\/uploads\/OP_2021-48x15.jpg 48w\" sizes=\"(max-width: 2194px) 100vw, 2194px\" \/>\t\t\t\t\t\t\t\t\t\t\t\t\t\t<\/div>\n\t\t\t\t\t\t<\/div>\n\t\t\t\t<\/div>\n\t\t\t\t\t\t<\/div>\n\t\t\t\t\t<\/div>\n\t\t<\/div>\n\t\t\t\t\t\t\t\t<\/div>\n\t\t\t\t\t<\/div>\n\t\t<\/section>\n\t\t\t\t<section class=\"elementor-section elementor-top-section elementor-element elementor-element-27ba4af8 elementor-section-boxed elementor-section-height-default elementor-section-height-default\" data-id=\"27ba4af8\" data-element_type=\"section\">\n\t\t\t\t\t\t<div class=\"elementor-container elementor-column-gap-default\">\n\t\t\t\t\t\t\t<div class=\"elementor-row\">\n\t\t\t\t\t<div class=\"elementor-column elementor-col-100 elementor-top-column elementor-element elementor-element-5810200e\" data-id=\"5810200e\" data-element_type=\"column\">\n\t\t\t<div class=\"elementor-column-wrap elementor-element-populated\">\n\t\t\t\t\t\t\t<div class=\"elementor-widget-wrap\">\n\t\t\t\t\t\t<div class=\"elementor-element elementor-element-152e84ff elementor-widget elementor-widget-text-editor\" data-id=\"152e84ff\" data-element_type=\"widget\" data-widget_type=\"text-editor.default\">\n\t\t\t\t<div class=\"elementor-widget-container\">\n\t\t\t\t\t\t\t\t<div class=\"elementor-text-editor elementor-clearfix\">\n\t\t\t\t<p>\u00a0<\/p><p style=\"text-align: center;\"><strong>FELICIA \u0219i DIONIZIE OLENICI<\/strong> pentru Colectia Etnografic\u0103 \u201eFelicia \u0219i Dionizie Olenici\u201d \u0219i crearea unui muzeu etnografic impresionant \u00een gospod\u0103ria lor din Horodnic de Jos, Suceava<br \/>\u058d<br \/><strong>VICTORIA \u0219i MARIAN ZIDARU<\/strong> pentru crearea unei \u201eferme de art\u0103\u201d, destinate \u00eent\u00e2lnirii arti\u0219tilor, arhitec\u021bilor \u0219i studen\u021bilor cu me\u0219te\u0219ugul \u021b\u0103r\u0103nesc \u0219i cu agricultura (Ferma de Art\u0103 din Liteni \u2013 Moara, Suceava)<br \/>\u058d<br \/><strong>Me\u0219terul de case ILIE P\u0102TR\u0102UCEANU<\/strong> pentru munca sa de construc\u021bie de case \u00een stil bucovinean \u0219i de restaurare a caselor vechi din lemn<br \/>\u058d<br \/><strong>NICOLETA MARINESCU<\/strong> pentru salvarea si transformarea \u00een muzeu a casei Leontina \u021a\u0103ran din Cioc\u0103ne\u0219ti, Suceava<br \/>\u058d<br \/><strong>PAUL TORAC<\/strong> pentru p\u0103strarea \u0219i amenajarea unei case tradi\u021bionale, ca muzeu \u0219i spa\u021biu pentru ateliere \u0219i activit\u0103\u021bi tradi\u021bionale (Colec\u021bia Etnografic\u0103 Paul Torac)<br \/>\u058d<br \/><strong>MIHAI HRINCESCU<\/strong> pentru p\u0103strarea unei case tradi\u021bionale \u0219i organizarea \u00een cadrul acesteia a \u201eColec\u021biei Etnografice Mihai Hrincescu\u201d<br \/>\u058d<br \/><strong>ION LOBA<\/strong> pentru str\u0103mutarea unei case tradi\u021bionale \u0219i amenajarea unei gospod\u0103rii \u021b\u0103r\u0103ne\u0219ti ce ofer\u0103 pasiona\u021bilor de patrimoniu cultural experien\u021be culturale autentice (Pensiunea Agroturistic\u0103 Casa Colini\u021ba)<br \/>\u058d<br \/><strong>HYGGE HUT BUCOVINA<\/strong> pentru relocarea unei case tradi\u021bionale de 120 de ani \u0219i combinarea stilului bucovinean cu conceptul scandinav hygge \u00eentr-un frumos model de turism sustenabil<br \/>\u058d<br \/><strong>AMBULAN\u021aA C\u0102SU\u021aELOR BUCOVINENE<\/strong> ini\u021biat\u0103 de Iosif \u201e\u021aucu\u201d C\u00eerstean prin care sunt promovate \u0219i salvate casele tradi\u021bionale sub risc de demolare, pentru oferirea unei noi vie\u021bi al\u0103turi de noi proprietari<br \/>\u058d<br \/><strong>ASOCIA\u021aIA ACTUM \u2013 AMBULAN\u021aA PENTRU MONUMENTE MOLDOVA NORD<\/strong> pentru ac\u021biunile eficiente \u00een domeniul salvgard\u0103rii patrimoniului construit, prin punerea \u00een siguran\u021b\u0103 a unor obiective de patrimoniu importante<br \/>\u058d<br \/><strong>ASOCIA\u0162IA DE ECOTURISM \u0162ARA DORNELOR<\/strong> pentru valorificarea \u0219i promovarea patrimoniului material \u0219i imaterial bucovinean, \u00een cadrul evenimentelor Eco-Brunch organizate \u00een jude\u021bul Suceava (tehnici de construc\u021bie tradi\u021bionale \u2013 Cioc\u0103ne\u0219ti 2021)<br \/>\u058d<br \/><strong>Arh. ELENA \u0219i CIPRIAN HISON<\/strong> pentru reinterpretarea armonioas\u0103 a tradi\u021bionalului, \u00een construirea \u0219i amenajarea de c\u0103su\u021be \u0219i pensiuni tradi\u021bionale (Pensiunea Chalet Hovel)<br \/>\u058d<br \/><strong>Arh. ANDREI FLORIN MANOLE<\/strong> pentru activit\u0103\u021bile de conservare a patrimoniului construit \u0219i pentru integrarea tradi\u021bionalului \u00een proiectele de arhitectur\u0103 contemporane (amenajare restaurant \u00een incinta Centrului de Ceramic\u0103 Neagr\u0103 de la Marginea)<\/p>\t\t\t\t\t<\/div>\n\t\t\t\t\t\t<\/div>\n\t\t\t\t<\/div>\n\t\t\t\t\t\t<\/div>\n\t\t\t\t\t<\/div>\n\t\t<\/div>\n\t\t\t\t\t\t\t\t<\/div>\n\t\t\t\t\t<\/div>\n\t\t<\/section>\n\t\t\t\t\t\t<\/div>\n\t\t\t\t\t\t<\/div>\n\t\t\t\t\t<\/div>","protected":false},"excerpt":{"rendered":"<p>\u00a0 FELICIA \u0219i DIONIZIE OLENICI pentru Colectia Etnografic\u0103 \u201eFelicia \u0219i Dionizie Olenici\u201d \u0219i crearea unui muzeu etnografic impresionant \u00een gospod\u0103ria lor din Horodnic de Jos, Suceava\u058dVICTORIA \u0219i MARIAN ZIDARU pentru crearea unei \u201eferme de art\u0103\u201d, destinate \u00eent\u00e2lnirii arti\u0219tilor, arhitec\u021bilor \u0219i studen\u021bilor cu me\u0219te\u0219ugul \u021b\u0103r\u0103nesc \u0219i cu agricultura (Ferma de Art\u0103 din Liteni \u2013 Moara, Suceava)\u058dMe\u0219terul &hellip;<\/p>\n<p class=\"read-more\"> <a class=\"\" href=\"https:\/\/portcultural.usv.ro\/en\/oamenii-patrimoniului-2021\/\"> <span class=\"screen-reader-text\">Oamenii patrimoniului &#8211; 2021<\/span> Read More &raquo;<\/a><\/p>","protected":false},"author":1,"featured_media":6261,"comment_status":"closed","ping_status":"closed","sticky":false,"template":"","format":"standard","meta":[],"categories":[26],"tags":[],"_links":{"self":[{"href":"https:\/\/portcultural.usv.ro\/en\/wp-json\/wp\/v2\/posts\/6239"}],"collection":[{"href":"https:\/\/portcultural.usv.ro\/en\/wp-json\/wp\/v2\/posts"}],"about":[{"href":"https:\/\/portcultural.usv.ro\/en\/wp-json\/wp\/v2\/types\/post"}],"author":[{"embeddable":true,"href":"https:\/\/portcultural.usv.ro\/en\/wp-json\/wp\/v2\/users\/1"}],"replies":[{"embeddable":true,"href":"https:\/\/portcultural.usv.ro\/en\/wp-json\/wp\/v2\/comments?post=6239"}],"version-history":[{"count":23,"href":"https:\/\/portcultural.usv.ro\/en\/wp-json\/wp\/v2\/posts\/6239\/revisions"}],"predecessor-version":[{"id":6270,"href":"https:\/\/portcultural.usv.ro\/en\/wp-json\/wp\/v2\/posts\/6239\/revisions\/6270"}],"wp:featuredmedia":[{"embeddable":true,"href":"https:\/\/portcultural.usv.ro\/en\/wp-json\/wp\/v2\/media\/6261"}],"wp:attachment":[{"href":"https:\/\/portcultural.usv.ro\/en\/wp-json\/wp\/v2\/media?parent=6239"}],"wp:term":[{"taxonomy":"category","embeddable":true,"href":"https:\/\/portcultural.usv.ro\/en\/wp-json\/wp\/v2\/categories?post=6239"},{"taxonomy":"post_tag","embeddable":true,"href":"https:\/\/portcultural.usv.ro\/en\/wp-json\/wp\/v2\/tags?post=6239"}],"curies":[{"name":"wp","href":"https:\/\/api.w.org\/{rel}","templated":true}]}}